{"id":114297,"date":"2021-04-04T13:05:05","date_gmt":"2021-04-04T17:05:05","guid":{"rendered":"https:\/\/linitiative.ca\/International\/covid19-365-nouveaux-cas-8-deces\/"},"modified":"2021-04-04T13:05:05","modified_gmt":"2021-04-04T17:05:05","slug":"covid19-365-nouveaux-cas-8-deces","status":"publish","type":"post","link":"https:\/\/linitiative.ca\/International\/covid19-365-nouveaux-cas-8-deces\/","title":{"rendered":"Covid19: 365 nouveaux cas, 8 d\u00e9c\u00e8s"},"content":{"rendered":"<p class=\"rtejustify\">Un total de 365 nouveaux cas d&rsquo;infection au coronavirus et de 128 gu\u00e9risons a \u00e9t\u00e9 enregistr\u00e9 au cours des derni\u00e8res 24 heures au Maroc, a annonc\u00e9 dimanche le minist\u00e8re de la Sant\u00e9. Le nombre des personnes vaccin\u00e9es \u00e0 ce jour (dose 1) a atteint 4.348.995, alors que\u00a03.891.875 ont re\u00e7u la deuxi\u00e8me dose du vaccin, pr\u00e9cise le minist\u00e8re dans son bulletin quotidien sur la situation de la Covid-19.\u00a07.404 nouveaux tests ont \u00e9t\u00e9 r\u00e9alis\u00e9s.<\/p>\n<p class=\"rtejustify\">Ce nouveau bilan porte \u00e0\u00a0498.197 le nombre total des contaminations depuis le premier cas signal\u00e9 en mars 2020. Le nombre des personnes r\u00e9tablies est pass\u00e9 \u00e0 484.921, soit un taux de gu\u00e9rison de 97,3%. Quant au nombre total des d\u00e9c\u00e8s, il est pass\u00e9 \u00e0 8.850, avec 8 nouveaux morts recens\u00e9s en 24 heures, soit un taux de l\u00e9talit\u00e9 de 1,8%.<\/p>\n<p class=\"rtejustify\">Le nombre des cas actifs s&rsquo;\u00e9l\u00e8ve \u00e0 4.426, tandis que les cas s\u00e9v\u00e8res ou critiques sont au nombre de 435, dont 18 plac\u00e9s sous intubation.<\/p>\n<blockquote readability=\"4.75\">\n<p class=\"rtejustify\"><strong>Pour plus de d\u00e9tails, voir l&rsquo;\u00e9volution en temps r\u00e9el de l&rsquo;\u00e9pid\u00e9mie sur <a href=\"https:\/\/www.leconomiste.com\/covid19\/\">https:\/\/www.leconomiste.com\/covid19\/<\/a><\/strong><\/p>\n<\/blockquote>\n<p>Auteur: hgueye<br \/>\n<a href=\"https:\/\/www.leconomiste.com\/flash-infos\/covid19-nouveaux-cas-1\">Cliquez ici pour lire l&rsquo;article depuis sa source.<\/a><\/p>\n","protected":false},"excerpt":{"rendered":"<p>Un total de 365 nouveaux cas d&rsquo;infection au coronavirus et de 128 gu\u00e9risons a \u00e9t\u00e9 enregistr\u00e9 au cours des derni\u00e8res 24 heures au Maroc, a annonc\u00e9 dimanche le minist\u00e8re de la Sant\u00e9. Le nombre des personnes vaccin\u00e9es \u00e0 ce jour (dose 1) a atteint 4.348.995, alors que\u00a03.891.875 ont re\u00e7u la deuxi\u00e8me dose du vaccin, pr\u00e9cise [&hellip;]<\/p>\n","protected":false},"author":1763,"featured_media":0,"comment_status":"closed","ping_status":"closed","sticky":false,"template":"","format":"standard","meta":{"fifu_image_url":"","fifu_image_alt":"","footnotes":""},"categories":[78,54],"tags":[],"class_list":["post-114297","post","type-post","status-publish","format-standard","hentry","category-economie","category-maroc"],"_links":{"self":[{"href":"https:\/\/linitiative.ca\/International\/wp-json\/wp\/v2\/posts\/114297","targetHints":{"allow":["GET"]}}],"collection":[{"href":"https:\/\/linitiative.ca\/International\/wp-json\/wp\/v2\/posts"}],"about":[{"href":"https:\/\/linitiative.ca\/International\/wp-json\/wp\/v2\/types\/post"}],"author":[{"embeddable":true,"href":"https:\/\/linitiative.ca\/International\/wp-json\/wp\/v2\/users\/1763"}],"replies":[{"embeddable":true,"href":"https:\/\/linitiative.ca\/International\/wp-json\/wp\/v2\/comments?post=114297"}],"version-history":[{"count":0,"href":"https:\/\/linitiative.ca\/International\/wp-json\/wp\/v2\/posts\/114297\/revisions"}],"wp:attachment":[{"href":"https:\/\/linitiative.ca\/International\/wp-json\/wp\/v2\/media?parent=114297"}],"wp:term":[{"taxonomy":"category","embeddable":true,"href":"https:\/\/linitiative.ca\/International\/wp-json\/wp\/v2\/categories?post=114297"},{"taxonomy":"post_tag","embeddable":true,"href":"https:\/\/linitiative.ca\/International\/wp-json\/wp\/v2\/tags?post=114297"}],"curies":[{"name":"wp","href":"https:\/\/api.w.org\/{rel}","templated":true}]}}