{"id":114299,"date":"2021-04-04T15:14:06","date_gmt":"2021-04-04T19:14:06","guid":{"rendered":"https:\/\/linitiative.ca\/International\/afrique-coupe-de-la-caf-les-setif-sincline-face-a-enyiemba-1-2\/"},"modified":"2021-04-04T15:14:06","modified_gmt":"2021-04-04T19:14:06","slug":"afrique-coupe-de-la-caf-les-setif-sincline-face-a-enyiemba-1-2","status":"publish","type":"post","link":"https:\/\/linitiative.ca\/International\/afrique-coupe-de-la-caf-les-setif-sincline-face-a-enyiemba-1-2\/","title":{"rendered":"Afrique : Coupe de la CAF: l&rsquo;ES S\u00e9tif s\u2019incline face \u00e0 Enyiemba (1-2)"},"content":{"rendered":"<div readability=\"32\">\n<p>Auteur : <span class=\"time\">dimanche 04 avril 2021 16:34<\/span><\/p>\n<\/div>\n<div id=\"post_core\" readability=\"46\">\n<p>L\u2019Entente de S\u00e9tif s\u2019est inclin\u00e9e en terre nig\u00e9riane face \u00e0 la formation d&rsquo;Enyimba (2-1), ce dimanche, en match comptant pour la 3e journ\u00e9e (groupe A) de la phase de groupes de la Coupe de la Conf\u00e9d\u00e9ration de football (CAF). Il faut attendre encore pour assister \u00e0 la premi\u00e8re victoire des S\u00e9tifiens dans cette \u00e9dition 2021 de la Coupe de la CAF. Pour leur 3e sortie dans cette comp\u00e9tition, les gars de Ain El Fouara ont v\u00e9ritablement rat\u00e9 le coche. En effet, les prot\u00e9g\u00e9s de Nabil Kouki ont \u00e9t\u00e9 les premiers \u00e0 d\u00e9bloquer la situation, \u00e0 la 13e minute, par l\u2019entremise de Bekrar. Ce but des visiteurs a eu pour effet de r\u00e9veiller les Nig\u00e9rans qui ont obtenu un penalty, trois minutes plus tard. Toutefois, Kheda\u00efria s\u2019est illustr\u00e9 en gagnant son duel face \u00e0 Augustine Oladepo (18\u2019). Mais ce n\u2019est que partie remise, car l\u2019attaquant nig\u00e9rian s\u2019est rattrap\u00e9 peu avant la pause en \u00e9galisant \u00e0 la 40e minute. Le capitaine des Peoples&rsquo; Elephant a ensuite permis \u00e0 son \u00e9quipe de repasser devant au tableau d\u2019affichage en signant un doubl\u00e9 \u00e0 l\u2019heure de jeu (60\u2019). Apr\u00e8s trois manches, l\u2019ESS est bonne derni\u00e8re avec un seul petit point, tandis qu\u2019Enyiemba a pris les commandes du groupe (6 pts).<\/p>\n<p><strong>Publi\u00e9 dans :<\/strong> <span>ES S\u00e9tif<\/span><\/p>\n<\/div>\n<p>Auteur:<br \/>\n<a href=\"http:\/\/www.lebuteur.com\/article\/detail?titre=coupe-de-la-caf-les-setif-sincline-face-a-enyiemba-1-2&#038;id=99607&#038;utm_source=feedburner&#038;utm_medium=feed&#038;utm_campaign=Feed%3A+GalerieFArtciles+%28Les+derniers+articles++-+lebuteur.com%29\">Cliquez ici pour lire l&rsquo;article depuis sa source.<\/a><\/p>\n","protected":false},"excerpt":{"rendered":"<p>Auteur : dimanche 04 avril 2021 16:34 L\u2019Entente de S\u00e9tif s\u2019est inclin\u00e9e en terre nig\u00e9riane face \u00e0 la formation d&rsquo;Enyimba (2-1), ce dimanche, en match comptant pour la 3e journ\u00e9e (groupe A) de la phase de groupes de la Coupe de la Conf\u00e9d\u00e9ration de football (CAF). Il faut attendre encore pour assister \u00e0 la premi\u00e8re [&hellip;]<\/p>\n","protected":false},"author":1738,"featured_media":0,"comment_status":"closed","ping_status":"closed","sticky":false,"template":"","format":"standard","meta":{"fifu_image_url":"\/\/cdn.lebuteur.com\/data\/images\/article\/thumbs\/large-coupe-de-la-caf-les-setif-sincline-face-a-enyiemba-1-2-e90bd.png","fifu_image_alt":"Afrique : Coupe de la CAF: l'ES S\u00e9tif s\u2019incline face \u00e0 Enyiemba (1-2)","footnotes":""},"categories":[53,75],"tags":[],"class_list":["post-114299","post","type-post","status-publish","format-standard","hentry","category-algerie","category-sport"],"_links":{"self":[{"href":"https:\/\/linitiative.ca\/International\/wp-json\/wp\/v2\/posts\/114299","targetHints":{"allow":["GET"]}}],"collection":[{"href":"https:\/\/linitiative.ca\/International\/wp-json\/wp\/v2\/posts"}],"about":[{"href":"https:\/\/linitiative.ca\/International\/wp-json\/wp\/v2\/types\/post"}],"author":[{"embeddable":true,"href":"https:\/\/linitiative.ca\/International\/wp-json\/wp\/v2\/users\/1738"}],"replies":[{"embeddable":true,"href":"https:\/\/linitiative.ca\/International\/wp-json\/wp\/v2\/comments?post=114299"}],"version-history":[{"count":0,"href":"https:\/\/linitiative.ca\/International\/wp-json\/wp\/v2\/posts\/114299\/revisions"}],"wp:attachment":[{"href":"https:\/\/linitiative.ca\/International\/wp-json\/wp\/v2\/media?parent=114299"}],"wp:term":[{"taxonomy":"category","embeddable":true,"href":"https:\/\/linitiative.ca\/International\/wp-json\/wp\/v2\/categories?post=114299"},{"taxonomy":"post_tag","embeddable":true,"href":"https:\/\/linitiative.ca\/International\/wp-json\/wp\/v2\/tags?post=114299"}],"curies":[{"name":"wp","href":"https:\/\/api.w.org\/{rel}","templated":true}]}}