{"id":114300,"date":"2021-04-04T15:14:10","date_gmt":"2021-04-04T19:14:10","guid":{"rendered":"https:\/\/linitiative.ca\/International\/pros-mandi-enchaine-les-grosses-performances\/"},"modified":"2021-04-04T15:14:10","modified_gmt":"2021-04-04T19:14:10","slug":"pros-mandi-enchaine-les-grosses-performances","status":"publish","type":"post","link":"https:\/\/linitiative.ca\/International\/pros-mandi-enchaine-les-grosses-performances\/","title":{"rendered":"Pros : Mandi enchaine les grosses performances"},"content":{"rendered":"<div readability=\"32\">\n<p>Auteur : <span>Moumen A.<\/span> <span class=\"time\">dimanche 04 avril 2021 17:08<\/span><\/p>\n<\/div>\n<div id=\"post_core\" readability=\"57\">\n<p>Le d\u00e9fenseur central alg\u00e9rien du Real Betis S\u00e9ville est en train de mener ses camarades vers une place europ\u00e9enne inesp\u00e9r\u00e9e, cette saison. Imp\u00e9rial depuis son retour dans le onze de base de l\u2019entraineur Manuel Pellegrini Mandi qu\u2019on annonce \u00e0 L\u2019Inter Milan et \u00e0 Liverpool la saison prochaine, a sorti \u00a0le grand jeu\u00a0 ce dimanche \u00e0 l\u2019occasion du r\u00e9sultat nul ramen\u00e9 d\u2019Elche. C\u2019est gr\u00e2ce \u00e0 ses bonnes interventions en d\u00e9fense que Betis a pu pr\u00e9server sa 5epalceau classement de la Liga.<\/p>\n<p><strong>Pellegrini (Ent-Betis) \u00ab\u00a0Mandi souhaite rester au Real B\u00e9tis mais\u2026\u00a0\u00bb<\/strong><\/p>\n<p>Souvent annonc\u00e9 ailleurs qu\u2019au Real Betis S\u00e9ville, le d\u00e9fenseur central de l\u2019Equipe nationale Aissa Mandi pourrait aussi renouveler prochainement contrant. C\u2019est ce que son entraineur au Betis Manuel Pellegrini\u00a0 semble affirmer sans la presse espagnole. Le technicien chilien \u00e9carte tout d\u00e9part de son joueur alg\u00e9rien, malgr\u00e9 les offres all\u00e9chantes\u00a0 que Mandi a re\u00e7u, sachant qu\u2019il sera libre de tout engagement en juin prochain<\/p>\n<p><strong>\u00abIl fait partie du projet du club et\u00a0 un accord devrait \u00eatre trouv\u00e9\u00a0 bient\u00f4t\u00a0\u00bb<\/strong><\/p>\n<p>Pr\u00e9sent en conf\u00e9rence de presse d\u2019avant-match jou\u00e9 huer\u00a0 \u00e0 Elche,\u00a0 Pellegrini a \u00e9voqu\u00e9 l\u2019avenir de l\u2019international alg\u00e9rien avec le club S\u00e9villan\u00a0:\u00a0\u00abMandi souhaite rester au Real B\u00e9tis. Le club le consid\u00e9r\u00e9 comme une partie de son projet. C\u2019est pourquoi j\u2019estime qu\u2019un accord devrait \u00eatre trouv\u00e9 tr\u00e8s bient\u00f4t entre les deux parties.\u00bb a notamment d\u00e9clar\u00e9 l\u2019ancien coach du Real Madrid et de Manchester City.\u00a0<\/p>\n<p><strong>Moumen A.<\/strong><\/p>\n<p><strong>Publi\u00e9 dans :<\/strong> <span>et \u00e0 A\u00efssa Mandi<\/span> <span>Belmadi Djamel<\/span><\/p>\n<\/div>\n<p>Auteur:<br \/>\n<a href=\"http:\/\/www.lebuteur.com\/article\/detail?titre=mandi-enchaine-les-grosses-performances&#038;id=99609&#038;utm_source=feedburner&#038;utm_medium=feed&#038;utm_campaign=Feed%3A+GalerieFArtciles+%28Les+derniers+articles++-+lebuteur.com%29\">Cliquez ici pour lire l&rsquo;article depuis sa source.<\/a><\/p>\n","protected":false},"excerpt":{"rendered":"<p>Auteur : Moumen A. dimanche 04 avril 2021 17:08 Le d\u00e9fenseur central alg\u00e9rien du Real Betis S\u00e9ville est en train de mener ses camarades vers une place europ\u00e9enne inesp\u00e9r\u00e9e, cette saison. Imp\u00e9rial depuis son retour dans le onze de base de l\u2019entraineur Manuel Pellegrini Mandi qu\u2019on annonce \u00e0 L\u2019Inter Milan et \u00e0 Liverpool la saison [&hellip;]<\/p>\n","protected":false},"author":1738,"featured_media":0,"comment_status":"closed","ping_status":"closed","sticky":false,"template":"","format":"standard","meta":{"fifu_image_url":"\/\/cdn.lebuteur.com\/data\/images\/article\/thumbs\/large-mandi-enchaine-les-grosses-performances-cc3bb.jpg","fifu_image_alt":"Pros : Mandi enchaine les grosses performances","footnotes":""},"categories":[53,75],"tags":[],"class_list":["post-114300","post","type-post","status-publish","format-standard","hentry","category-algerie","category-sport"],"_links":{"self":[{"href":"https:\/\/linitiative.ca\/International\/wp-json\/wp\/v2\/posts\/114300","targetHints":{"allow":["GET"]}}],"collection":[{"href":"https:\/\/linitiative.ca\/International\/wp-json\/wp\/v2\/posts"}],"about":[{"href":"https:\/\/linitiative.ca\/International\/wp-json\/wp\/v2\/types\/post"}],"author":[{"embeddable":true,"href":"https:\/\/linitiative.ca\/International\/wp-json\/wp\/v2\/users\/1738"}],"replies":[{"embeddable":true,"href":"https:\/\/linitiative.ca\/International\/wp-json\/wp\/v2\/comments?post=114300"}],"version-history":[{"count":0,"href":"https:\/\/linitiative.ca\/International\/wp-json\/wp\/v2\/posts\/114300\/revisions"}],"wp:attachment":[{"href":"https:\/\/linitiative.ca\/International\/wp-json\/wp\/v2\/media?parent=114300"}],"wp:term":[{"taxonomy":"category","embeddable":true,"href":"https:\/\/linitiative.ca\/International\/wp-json\/wp\/v2\/categories?post=114300"},{"taxonomy":"post_tag","embeddable":true,"href":"https:\/\/linitiative.ca\/International\/wp-json\/wp\/v2\/tags?post=114300"}],"curies":[{"name":"wp","href":"https:\/\/api.w.org\/{rel}","templated":true}]}}