{"id":114302,"date":"2021-04-04T15:14:15","date_gmt":"2021-04-04T19:14:15","guid":{"rendered":"https:\/\/linitiative.ca\/International\/international-les-joueurs-de-valence-ont-quitte-le-terrain-a-cadix-apres-un-une-suspicion-dinsultes-racistes-envers-diakhaby\/"},"modified":"2021-04-04T15:14:15","modified_gmt":"2021-04-04T19:14:15","slug":"international-les-joueurs-de-valence-ont-quitte-le-terrain-a-cadix-apres-un-une-suspicion-dinsultes-racistes-envers-diakhaby","status":"publish","type":"post","link":"https:\/\/linitiative.ca\/International\/international-les-joueurs-de-valence-ont-quitte-le-terrain-a-cadix-apres-un-une-suspicion-dinsultes-racistes-envers-diakhaby\/","title":{"rendered":"International : Les joueurs de Valence ont quitt\u00e9 le terrain \u00e0 Cadix apr\u00e8s un une suspicion d&rsquo;insultes racistes envers Diakhaby"},"content":{"rendered":"<div readability=\"32\">\n<p>Auteur : <span class=\"time\">dimanche 04 avril 2021 19:14<\/span><\/p>\n<\/div>\n<div id=\"post_core\" readability=\"47\">\n<p>Les joueurs de Valence ont d\u00e9cid\u00e9 de rentrer aux vestiaires \u00e0 la 32e minute du match contre Cadix, ce dimanche, apr\u00e8s un accrochage verbal entre Mouctar Diakhaby et le d\u00e9fenseur Juan Cala, qui aurait prof\u00e9r\u00e9 des propos racistes. Apr\u00e8s un accrochage entre Mouctar Diakhaby, le d\u00e9fenseur de Valence, et Juan Cala, celui de Cadix, les joueurs de Valence ont d\u00e9cid\u00e9 de quitter la pelouse et de rentrer temporairement aux vestiaires \u00e0 la 32e minute du match entre les deux \u00e9quipes, dimanche pour la 29e journ\u00e9e de Liga. Cala a gliss\u00e9 quelques mots \u00e0 Diakhaby en allant se replacer, ce qui a imm\u00e9diatement mis hors de lui le d\u00e9fenseur de Valence. Celui-ci s&rsquo;est d&rsquo;abord plaint avec v\u00e9h\u00e9mence aupr\u00e8s de l&rsquo;arbitre puis, rapidement, les joueurs de Valence ont pris la d\u00e9cision de rentrer aux vestiaires. Le club valencian a annonc\u00e9 sur Twitter qu&rsquo;il s&rsquo;agissait de propos racistes. Le match a repris une vingtaine de minutes plus tard sans le d\u00e9fenseur fran\u00e7ais, remplac\u00e9 par Hugo Guillam\u00f3n rapporte l\u2019Equipe.fr.<\/p>\n<p><strong>Publi\u00e9 dans :<\/strong> <span>Valence<\/span><\/p>\n<\/div>\n<p>Auteur:<br \/>\n<a href=\"http:\/\/www.lebuteur.com\/article\/detail?titre=les-joueurs-de-valence-ont-quitte-le-terrain-a-cadix-apres-un-une-suspicion-dinsultes-racistes-envers-diakhaby&#038;id=99610&#038;utm_source=feedburner&#038;utm_medium=feed&#038;utm_campaign=Feed%3A+GalerieFArtciles+%28Les+derniers+articles++-+lebuteur.com%29\">Cliquez ici pour lire l&rsquo;article depuis sa source.<\/a><\/p>\n","protected":false},"excerpt":{"rendered":"<p>Auteur : dimanche 04 avril 2021 19:14 Les joueurs de Valence ont d\u00e9cid\u00e9 de rentrer aux vestiaires \u00e0 la 32e minute du match contre Cadix, ce dimanche, apr\u00e8s un accrochage verbal entre Mouctar Diakhaby et le d\u00e9fenseur Juan Cala, qui aurait prof\u00e9r\u00e9 des propos racistes. Apr\u00e8s un accrochage entre Mouctar Diakhaby, le d\u00e9fenseur de Valence, [&hellip;]<\/p>\n","protected":false},"author":1738,"featured_media":0,"comment_status":"closed","ping_status":"closed","sticky":false,"template":"","format":"standard","meta":{"fifu_image_url":"\/\/cdn.lebuteur.com\/data\/images\/article\/thumbs\/large-les-joueurs-de-valence-ont-quitte-le-terrain-a-cadix-apres-un-une-suspicion-dinsultes-racistes-envers-diakhaby-d8de6.jpg","fifu_image_alt":"International : Les joueurs de Valence ont quitt\u00e9 le terrain \u00e0 Cadix apr\u00e8s un une suspicion d'insultes racistes envers Diakhaby","footnotes":""},"categories":[53,75],"tags":[],"class_list":["post-114302","post","type-post","status-publish","format-standard","hentry","category-algerie","category-sport"],"_links":{"self":[{"href":"https:\/\/linitiative.ca\/International\/wp-json\/wp\/v2\/posts\/114302","targetHints":{"allow":["GET"]}}],"collection":[{"href":"https:\/\/linitiative.ca\/International\/wp-json\/wp\/v2\/posts"}],"about":[{"href":"https:\/\/linitiative.ca\/International\/wp-json\/wp\/v2\/types\/post"}],"author":[{"embeddable":true,"href":"https:\/\/linitiative.ca\/International\/wp-json\/wp\/v2\/users\/1738"}],"replies":[{"embeddable":true,"href":"https:\/\/linitiative.ca\/International\/wp-json\/wp\/v2\/comments?post=114302"}],"version-history":[{"count":0,"href":"https:\/\/linitiative.ca\/International\/wp-json\/wp\/v2\/posts\/114302\/revisions"}],"wp:attachment":[{"href":"https:\/\/linitiative.ca\/International\/wp-json\/wp\/v2\/media?parent=114302"}],"wp:term":[{"taxonomy":"category","embeddable":true,"href":"https:\/\/linitiative.ca\/International\/wp-json\/wp\/v2\/categories?post=114302"},{"taxonomy":"post_tag","embeddable":true,"href":"https:\/\/linitiative.ca\/International\/wp-json\/wp\/v2\/tags?post=114302"}],"curies":[{"name":"wp","href":"https:\/\/api.w.org\/{rel}","templated":true}]}}