{"id":114303,"date":"2021-04-04T04:00:00","date_gmt":"2021-04-04T08:00:00","guid":{"rendered":"https:\/\/linitiative.ca\/International\/kais-saied-sera-a-bruxelles-et-rome\/"},"modified":"2021-04-04T04:00:00","modified_gmt":"2021-04-04T08:00:00","slug":"kais-saied-sera-a-bruxelles-et-rome","status":"publish","type":"post","link":"https:\/\/linitiative.ca\/International\/kais-saied-sera-a-bruxelles-et-rome\/","title":{"rendered":"Ka\u00efs Sa\u00efed sera \u00e0 Bruxelles et Rome"},"content":{"rendered":"<p>Apr\u00e8s Le Caire, deux d\u00e9placements \u00e0 l\u2019\u00e9tranger sont sur l\u2019agenda du pr\u00e9sident Ka\u00efs Sa\u00efed. Une visite officielle au Royaume de Belgique, puis dans l\u2019Union europ\u00e9enne. Et une visite \u00e0 Rome. Pour Bruxelles, la date est d\u2019ores et d\u00e9j\u00e0 fix\u00e9e au d\u00e9but du mois de juin prochain.<br \/>\u00a0<\/p>\n<p>Auteur:<br \/>\n<a href=\"https:\/\/www.leaders.com.tn\/article\/31665-kais-saied-sera-a-bruxelles-et-rome\">Cliquez ici pour lire l&rsquo;article depuis sa source.<\/a><\/p>\n","protected":false},"excerpt":{"rendered":"<p>Apr\u00e8s Le Caire, deux d\u00e9placements \u00e0 l\u2019\u00e9tranger sont sur l\u2019agenda du pr\u00e9sident Ka\u00efs Sa\u00efed. Une visite officielle au Royaume de Belgique, puis dans l\u2019Union europ\u00e9enne. Et une visite \u00e0 Rome. Pour Bruxelles, la date est d\u2019ores et d\u00e9j\u00e0 fix\u00e9e au d\u00e9but du mois de juin prochain.\u00a0 Auteur: Cliquez ici pour lire l&rsquo;article depuis sa source.<\/p>\n","protected":false},"author":1772,"featured_media":0,"comment_status":"closed","ping_status":"closed","sticky":false,"template":"","format":"standard","meta":{"fifu_image_url":"","fifu_image_alt":"","footnotes":""},"categories":[73,55],"tags":[],"class_list":["post-114303","post","type-post","status-publish","format-standard","hentry","category-actualite","category-tunisie"],"_links":{"self":[{"href":"https:\/\/linitiative.ca\/International\/wp-json\/wp\/v2\/posts\/114303","targetHints":{"allow":["GET"]}}],"collection":[{"href":"https:\/\/linitiative.ca\/International\/wp-json\/wp\/v2\/posts"}],"about":[{"href":"https:\/\/linitiative.ca\/International\/wp-json\/wp\/v2\/types\/post"}],"author":[{"embeddable":true,"href":"https:\/\/linitiative.ca\/International\/wp-json\/wp\/v2\/users\/1772"}],"replies":[{"embeddable":true,"href":"https:\/\/linitiative.ca\/International\/wp-json\/wp\/v2\/comments?post=114303"}],"version-history":[{"count":0,"href":"https:\/\/linitiative.ca\/International\/wp-json\/wp\/v2\/posts\/114303\/revisions"}],"wp:attachment":[{"href":"https:\/\/linitiative.ca\/International\/wp-json\/wp\/v2\/media?parent=114303"}],"wp:term":[{"taxonomy":"category","embeddable":true,"href":"https:\/\/linitiative.ca\/International\/wp-json\/wp\/v2\/categories?post=114303"},{"taxonomy":"post_tag","embeddable":true,"href":"https:\/\/linitiative.ca\/International\/wp-json\/wp\/v2\/tags?post=114303"}],"curies":[{"name":"wp","href":"https:\/\/api.w.org\/{rel}","templated":true}]}}