{"id":114304,"date":"2021-04-04T07:00:00","date_gmt":"2021-04-04T11:00:00","guid":{"rendered":"https:\/\/linitiative.ca\/International\/deces-de-lhomme-daffaires-neji-mhiri\/"},"modified":"2021-04-04T07:00:00","modified_gmt":"2021-04-04T11:00:00","slug":"deces-de-lhomme-daffaires-neji-mhiri","status":"publish","type":"post","link":"https:\/\/linitiative.ca\/International\/deces-de-lhomme-daffaires-neji-mhiri\/","title":{"rendered":"D\u00e9c\u00e8s de l\u2019homme d\u2019affaires N\u00e9ji Mhiri"},"content":{"rendered":"<p>L\u2019homme d\u2019affaires N\u00e9ji\u00a0 Mhiri nous a quitt\u00e9 ce dimanche 4 avril. Originaire de Hammam Sousse, il faisait partie de ces capitaines d&rsquo;industrie qui avaient impuls\u00e9 le secteur priv\u00e9 tunisien au lendemain de l&rsquo;ind\u00e9pendance \u00e0 l&rsquo;instar de Ali Mhenni, Aziz Miled et Abdelwahab Ben Ayed. A la t\u00eate d&rsquo;un v\u00e9ritable empire qui comprenait El Mouradi et Meublatex, il avait contribu\u00e9 \u00e0 l&rsquo;essor du tourisme et l&rsquo;idustrie du meuble.<\/p>\n<p>Auteur:<br \/>\n<a href=\"https:\/\/www.leaders.com.tn\/article\/31670-mort-de-l-homme-d-affaires-neji-mhiri\">Cliquez ici pour lire l&rsquo;article depuis sa source.<\/a><\/p>\n","protected":false},"excerpt":{"rendered":"<p>L\u2019homme d\u2019affaires N\u00e9ji\u00a0 Mhiri nous a quitt\u00e9 ce dimanche 4 avril. Originaire de Hammam Sousse, il faisait partie de ces capitaines d&rsquo;industrie qui avaient impuls\u00e9 le secteur priv\u00e9 tunisien au lendemain de l&rsquo;ind\u00e9pendance \u00e0 l&rsquo;instar de Ali Mhenni, Aziz Miled et Abdelwahab Ben Ayed. A la t\u00eate d&rsquo;un v\u00e9ritable empire qui comprenait El Mouradi et [&hellip;]<\/p>\n","protected":false},"author":1772,"featured_media":0,"comment_status":"closed","ping_status":"closed","sticky":false,"template":"","format":"standard","meta":{"fifu_image_url":"","fifu_image_alt":"","footnotes":""},"categories":[73,55],"tags":[],"class_list":["post-114304","post","type-post","status-publish","format-standard","hentry","category-actualite","category-tunisie"],"_links":{"self":[{"href":"https:\/\/linitiative.ca\/International\/wp-json\/wp\/v2\/posts\/114304","targetHints":{"allow":["GET"]}}],"collection":[{"href":"https:\/\/linitiative.ca\/International\/wp-json\/wp\/v2\/posts"}],"about":[{"href":"https:\/\/linitiative.ca\/International\/wp-json\/wp\/v2\/types\/post"}],"author":[{"embeddable":true,"href":"https:\/\/linitiative.ca\/International\/wp-json\/wp\/v2\/users\/1772"}],"replies":[{"embeddable":true,"href":"https:\/\/linitiative.ca\/International\/wp-json\/wp\/v2\/comments?post=114304"}],"version-history":[{"count":0,"href":"https:\/\/linitiative.ca\/International\/wp-json\/wp\/v2\/posts\/114304\/revisions"}],"wp:attachment":[{"href":"https:\/\/linitiative.ca\/International\/wp-json\/wp\/v2\/media?parent=114304"}],"wp:term":[{"taxonomy":"category","embeddable":true,"href":"https:\/\/linitiative.ca\/International\/wp-json\/wp\/v2\/categories?post=114304"},{"taxonomy":"post_tag","embeddable":true,"href":"https:\/\/linitiative.ca\/International\/wp-json\/wp\/v2\/tags?post=114304"}],"curies":[{"name":"wp","href":"https:\/\/api.w.org\/{rel}","templated":true}]}}