{"id":114305,"date":"2021-04-04T07:00:00","date_gmt":"2021-04-04T11:00:00","guid":{"rendered":"https:\/\/linitiative.ca\/International\/exclusif-la-lettre-de-bourguiba-jr-a-son-pere-document\/"},"modified":"2021-04-04T07:00:00","modified_gmt":"2021-04-04T11:00:00","slug":"exclusif-la-lettre-de-bourguiba-jr-a-son-pere-document","status":"publish","type":"post","link":"https:\/\/linitiative.ca\/International\/exclusif-la-lettre-de-bourguiba-jr-a-son-pere-document\/","title":{"rendered":"Exclusif: La lettre de Bourguiba Jr \u00e0 son p\u00e8re (Document)"},"content":{"rendered":"<p><span class=\"c2\"><strong>Grenouillage autour d\u2019un g\u00e2teau \u00e0 partager, alors que la situation \u00e9conomique est d\u00e9sastreuse<\/strong><\/span><\/p>\n<p>Ce n\u2019est pas une lettre anodine qu\u2019\u00e9crit un fils \u00e0 son p\u00e8re pour lui donner de ses nouvelles. Lorsqu\u2019il s\u2019agit des Bourguiba, elle trouve son importance. Nous sommes le 5 ao\u00fbt 1955. Deux mois apr\u00e8s son retour triomphal \u00e0 Tunis, le 1er juin, et l\u2019accueil historique que le peuple lui a r\u00e9serv\u00e9, Habib Bourguiba est reparti en France pour prendre quelques jours de repos et suivre une cure dans la petite station thermale de la vall\u00e9e de Luchon, dans les Pyr\u00e9n\u00e9es. Ses longues ann\u00e9es de prison, d\u2019exil et de voyages continus et les multiples tensions subies ont \u00e9prouv\u00e9 son corps.<\/p>\n<p>Son fils, Habib Bourguiba Jr (Bibi), fra\u00eechement rentr\u00e9 de Paris aur\u00e9ol\u00e9 de sa licence en droit obtenue \u00e0 la Sorbonne, a \u00e9t\u00e9 admis en stage d\u2019avocat au cabinet d\u2019un t\u00e9nor du barreau, Me Raymond Semama, au 19, rue des Belges, en centre ville. Profitant d\u2019un bref moment de r\u00e9pit, il prend sa plume pour \u00e9crire \u00e0 son p\u00e8re. Evidemment, des nouvelles familiales : il annonce que son \u00e9pouse Neila, n\u00e9e Zouiten, est enceinte, lui raconte comment ils ont pass\u00e9 la f\u00eate de l\u2019Aid El k\u00e9bir en famille, et lui parle d\u2019amis et de parents rencontr\u00e9s&#8230; Mais il y a aussi deux faits saillants.<\/p>\n<p>Le premier est tout le soin que le fils apporte \u00e0 son p\u00e8re, ce qui est l\u00e9gitime, mais aussi parce que le pays aura bient\u00f4t besoin de ce dernier. \u00abTu as bien fait de loger en priv\u00e9, lui \u00e9crit-il, et de n\u2019avoir pas essay\u00e9 d\u2019avoir le t\u00e9l\u00e9phone: cela te donnera un suppl\u00e9ment de ce repos dont tu as tout besoin. Car lorsque tu seras de retour, tu auras du pain sur la planche\u2026\u00bb Et surtout d\u2019ajouter dans une phrase tr\u00e8s significative : \u00abIl faut ta personnalit\u00e9 pour mettre fi n \u00e0 des grenouillages et faire comprendre \u00e0 beaucoup que ce qui nous attend maintenant n\u2019est pas le partage d\u2019un g\u00e2teau, mais une distribution de responsabilit\u00e9 d\u2019autant plus s\u00e9v\u00e8re que la situation \u00e9conomique est d\u00e9sastreuse.\u00bb<br \/>Avec son franc-parler l\u00e9gendaire, Bourguiba Jr alerte le \u2018\u2019Combattant supr\u00eame\u2019\u2019 sur \u00ables grenouillages\u00bb, \u00able partage d\u2019un g\u00e2teau\u00bb et \u00abune situation \u00e9conomique d\u00e9sastreuse\u00bb. C\u2019\u00e9tait en 1955, il y a plus de 65 ans. C\u2019est encore valable aujourd\u2019hui, en avril 2021.<\/p>\n<p>Le deuxi\u00e8me fait marquant dans cette lettre, c\u2019est la volont\u00e9 de Bourguiba Jr \u00e0 recueillir les souvenirs de son p\u00e8re, de sa propre bouche, lorsqu\u2019il sera de retour, en les enregistrant au fur et \u00e0 mesure, pour ne pas l\u2019astreindre \u00e0 les r\u00e9diger. Ce n\u2019est pas une demande : \u00abJe te signifie ma d\u00e9cision\u00bb, lui \u00e9crit-il fermement, mais aussi affectueusement. \u00abIl serait criminel de ne pas s\u2019attabler \u00e0 une telle \u0153uvre qui fait partie int\u00e9grante de notre patrimoine familial et national !\u00bb. Son voeu sera exauc\u00e9. Bourguiba livrera, plus tard, ses m\u00e9moires&#8230;<\/p>\n<div class=\"c4\" readability=\"112\">\n<p class=\"c3\">Tunis, le 5 ao\u00fbt 1955<\/p>\n<p>Mon cher p\u00e8re,<\/p>\n<p>Je trouve enfin, gr\u00e2ce \u00e0 la p\u00e9riode de vacation, un moment pour t\u2019\u00e9crire. En effet, Raymond Samama est parti en vacances (Vittel, H\u00f4tel Central) et m\u2019a laiss\u00e9 son cabinet sur le dos. Un jeune confr\u00e8re, H\u00e9di Ghalloussi, vient de se marier et m\u2019a confi\u00e9 ses affaires pendant son voyage de noces. De telles marques de confiance sont flatteuses, mais sont fatigantes, car si je fais ainsi un stage utile du sens de la responsabilit\u00e9, je suis pris de 7H \u00e0 1H ou m\u00eame quelquefois jusqu\u2019\u00e0 2H et, souvent, l\u2019apr\u00e8s-midi, je suis oblig\u00e9 de retourner au bureau, bien qu\u2019en principe, il soit ferm\u00e9, pour terminer des travaux. En fin de journ\u00e9e, je suis vraiment \u00e0 plat.<\/p>\n<p>Une grande nouvelle : je crois que d\u2019ici quelques mois je vais t\u2019investir du titre de grand-p\u00e8re ! Faut-il te dire notre joie, \u00e0 Neila et moi ?, celle de maman \u00e0 qui nous l\u2019avons dit hier et celle d\u2019Aim\u00e9e (ndlr : Mme Zouiten, la maman de Neila) ?<\/p>\n<p>C\u2019est tout l\u2019apprentissage de la vie et de la responsabilit\u00e9 qui commence r\u00e9ellement, puisque, jusqu\u2019\u00e0 pr\u00e9sent, nous avions pratiquement prolong\u00e9 la lune de miel. Je ne te demande pas si tu es heureux de la nouvelle, car Masmoudi m\u2019apos\u00e9 la question que tu l\u2019avais charg\u00e9 de me transmettre.<\/p>\n<p>Tu as bien fait de loger en priv\u00e9 et de n\u2019avoir pas essay\u00e9 d\u2019avoir le t\u00e9l\u00e9phone : cela te donnera un suppl\u00e9ment de ce repos dont tu as tout besoin. Car lorsque tu seras de retour, tu auras du pain sur la planche\u2026 Il faut ta personnalit\u00e9 pour mettre fin \u00e0 des grenouillages et faire comprendre \u00e0 beaucoup que ce qui nous attend maintenant n\u2019est pas le partage d\u2019un g\u00e2teau mais une distribution de responsabilit\u00e9 d\u2019autant plus s\u00e9v\u00e8re que la situation \u00e9conomique est d\u00e9sastreuse.<\/p>\n<p>Je vais m\u2019arr\u00eater un moment, car je dois aller \u00e0 la Justice de Paix. A mon retour, je continuerai mon avantage.<\/p>\n<p>Khaled Kallela a commenc\u00e9 depuis une semaine son stage de clerc. Il a le caract\u00e8re de son p\u00e8re : droit, franc, loyal, peut-\u00eatre m\u00eame avec rudesse, mais c\u2019est une garantie. Je souhaite qu\u2019il soit pour moi ce que Allala Laouiti a \u00e9t\u00e9 pour toi.<\/p>\n<p>Le jour de la f\u00eate, j\u2019ai fait venir un boucher assez t\u00f4t qui a \u00e9gorg\u00e9 l\u2019agneau. Le temps de le d\u00e9pecer et les Garras avec qui j\u2019avais d\u00een\u00e9 la veille et que j\u2019avais aussi invit\u00e9s \u00e0 participer au petit-d\u00e9jeuner du traditionnel sont arriv\u00e9s. Ils ont donc particip\u00e9 aux traditions. Ils ont aussi tenu \u00e0 m\u2019accompagner \u00e0 Carthage o\u00f9 ils ont assist\u00e9 \u00e0 la r\u00e9ception officielle des corps constitu\u00e9s, des administrations, etc. Lundi, nous avons d\u00een\u00e9 encore ensemble chez A. Levy d\u2019Espa, en compagnie de Simone Zherfuss, et mardi, chez maman o\u00f9 nous avons pass\u00e9 un long moment \u00e0 \u00e9grener des souvenirs qui l\u2019ont vivement int\u00e9ress\u00e9e.<\/p>\n<p>Pour Me Guellaty et Me Nomane, je crois qu\u2019il est inutile d\u2019envoyer de leur demander une aide efficace. Youssef Guellaty \u00e0 qui j\u2019ai parl\u00e9 du projet m\u2019a dit que si son p\u00e8re \u00e9tait dans l\u2019impossibilit\u00e9 d\u2019\u00eatre utile: sa m\u00e9moire se fait de plus en plus d\u00e9faillante. Quant \u00e0 Me Nomane, je l\u2019avais justement vu il y a une quinzaine : j\u2019avais achet\u00e9 quelques chaises longues et j\u2019ai pens\u00e9 \u00e0 lui en offrir une pour y reposer ses vieux os\u2026 Il a \u00e9t\u00e9 touch\u00e9 du geste. Il m\u00e9rite beaucoup plus que cela pour ce qu\u2019il a fait, mais j\u2019ai agi dans le cadre de mes moyens, encore limit\u00e9s.<\/p>\n<p>Mais, je me suis rendu compte au cours de notre entretien qu\u2019il commence \u00e0 \u00eatre g\u00e2teux\u2026 ce qui serait p\u00e9nible pour Garras qui doit vouloir des souvenirs pr\u00e9cis. Il me reste en espoir, c\u2019est pour Si Mohamed Nomene qui a toujours eu la plume alerte, et dans ses papiers, des notes, des souvenirs couch\u00e9s.<\/p>\n<p>De mon c\u00f4t\u00e9, lorsque tu seras de retour \u00e0 Tunis, je compte te retenir, de force, un moment tous les jours et te demander d\u2019\u00e9grener tes souvenirs que j\u2019enregistrerais. Ce ne sera pas fatigant et sera beaucoup plus vivant que si tu t\u2019astreignais \u00e0 r\u00e9diger. Ce n\u2019est pas ton avis que je te demande \u00e0 ce sujet. Je te signifie une d\u00e9cision. Il serait criminel de ne pas s\u2019attabler \u00e0 une telle \u0153uvre qui fait partie int\u00e9grante de notre patrimoine familial et national !<\/p>\n<p>J\u2019esp\u00e8re que tu te plairas \u00e0 cette discipline que je veux t\u2019imposer et que, dans ta prochaine lettre, tu me donneras ton accord.<\/p>\n<p>A bient\u00f4t de te lire, car je n\u2019ose pas encore te dire au revoir : il te faut au moins encore 2 semaines \u00e0 Luchon et j\u2019ai appris que tu devais passer quelques jours chez M. Guillon.<\/p>\n<p>Je t\u2019embrasse et t\u2019aime<\/p>\n<\/div>\n<p><img decoding=\"async\" src=\"\/uploads\/FCK_files\/Lettre-1(1).jpg\" alt=\"\" width=\"100%\" vspace=\"5\" hspace=\"5\" align=\"middle\"\/><\/p>\n<p><img decoding=\"async\" src=\"\/uploads\/FCK_files\/Lettre-2(2).jpg\" alt=\"\" width=\"100%\" vspace=\"5\" hspace=\"5\" align=\"middle\"\/><\/p>\n<p><strong>Lire aussi<\/strong><\/p>\n<p><a href=\"https:\/\/www.leaders.com.tn\/article\/31657-bourguiba-deux-nouveaux-documents-inedits\" target=\"_blank\" rel=\"noopener\">Bourguiba: Deux nouveaux documents in\u00e9dits<\/a><\/p>\n<p>Auteur:<br \/>\n<a href=\"https:\/\/www.leaders.com.tn\/article\/31658-la-lettre-de-bourguiba-jr-a-son-pere\">Cliquez ici pour lire l&rsquo;article depuis sa source.<\/a><\/p>\n","protected":false},"excerpt":{"rendered":"<p>Grenouillage autour d\u2019un g\u00e2teau \u00e0 partager, alors que la situation \u00e9conomique est d\u00e9sastreuse Ce n\u2019est pas une lettre anodine qu\u2019\u00e9crit un fils \u00e0 son p\u00e8re pour lui donner de ses nouvelles. Lorsqu\u2019il s\u2019agit des Bourguiba, elle trouve son importance. Nous sommes le 5 ao\u00fbt 1955. Deux mois apr\u00e8s son retour triomphal \u00e0 Tunis, le 1er [&hellip;]<\/p>\n","protected":false},"author":1772,"featured_media":0,"comment_status":"closed","ping_status":"closed","sticky":false,"template":"","format":"standard","meta":{"fifu_image_url":"\/uploads\/FCK_files\/Lettre-1(1).jpg","fifu_image_alt":"Exclusif: La lettre de Bourguiba Jr \u00e0 son p\u00e8re (Document)","footnotes":""},"categories":[73,55],"tags":[],"class_list":["post-114305","post","type-post","status-publish","format-standard","hentry","category-actualite","category-tunisie"],"_links":{"self":[{"href":"https:\/\/linitiative.ca\/International\/wp-json\/wp\/v2\/posts\/114305","targetHints":{"allow":["GET"]}}],"collection":[{"href":"https:\/\/linitiative.ca\/International\/wp-json\/wp\/v2\/posts"}],"about":[{"href":"https:\/\/linitiative.ca\/International\/wp-json\/wp\/v2\/types\/post"}],"author":[{"embeddable":true,"href":"https:\/\/linitiative.ca\/International\/wp-json\/wp\/v2\/users\/1772"}],"replies":[{"embeddable":true,"href":"https:\/\/linitiative.ca\/International\/wp-json\/wp\/v2\/comments?post=114305"}],"version-history":[{"count":0,"href":"https:\/\/linitiative.ca\/International\/wp-json\/wp\/v2\/posts\/114305\/revisions"}],"wp:attachment":[{"href":"https:\/\/linitiative.ca\/International\/wp-json\/wp\/v2\/media?parent=114305"}],"wp:term":[{"taxonomy":"category","embeddable":true,"href":"https:\/\/linitiative.ca\/International\/wp-json\/wp\/v2\/categories?post=114305"},{"taxonomy":"post_tag","embeddable":true,"href":"https:\/\/linitiative.ca\/International\/wp-json\/wp\/v2\/tags?post=114305"}],"curies":[{"name":"wp","href":"https:\/\/api.w.org\/{rel}","templated":true}]}}