{"id":114308,"date":"2021-04-04T06:00:00","date_gmt":"2021-04-04T10:00:00","guid":{"rendered":"https:\/\/linitiative.ca\/International\/lerrance-de-saadani\/"},"modified":"2021-04-04T06:00:00","modified_gmt":"2021-04-04T10:00:00","slug":"lerrance-de-saadani","status":"publish","type":"post","link":"https:\/\/linitiative.ca\/International\/lerrance-de-saadani\/","title":{"rendered":"L\u2019errance de Sa\u00e2dani"},"content":{"rendered":"<p class=\"c3\">Quand il tenait le sceptre du pouvoir, m\u00eame par le petit bout, Sa\u00e2dani \u00e9tait d\u00e9j\u00e0 un client pr\u00e9cieux. Ses faits et gestes, ses propos \u00e9taient un r\u00e9gal de p\u00e2moison satirique.\u00a0 C\u2019\u00e9tait plus fort que lui. Une fois tomb\u00e9 le ch\u00e2teau dont il \u00e9tait le pont-levis, il est soumis \u00e0 une errance luxueuse mais continue. Il quitte la France pour le Portugal, pour \u00e9chapper \u00e0 la justice qu\u2019il utilisa jadis sans vergogne contre ses adversaires. Et on le dit d\u00e9sormais au Maroc pour \u00eatre s\u00fbr d\u2019\u00eatre tranquille ! D\u00e9cid\u00e9ment\u2026<br \/><em><strong>A. T.<\/strong><\/em><\/p>\n<p>Auteur:<br \/>\n<a href=\"https:\/\/www.lesoirdalgerie.com\/digoutage\/lerrance-de-saadani-58981\">Cliquez ici pour lire l&rsquo;article depuis sa source.<\/a><\/p>\n","protected":false},"excerpt":{"rendered":"<p>Quand il tenait le sceptre du pouvoir, m\u00eame par le petit bout, Sa\u00e2dani \u00e9tait d\u00e9j\u00e0 un client pr\u00e9cieux. Ses faits et gestes, ses propos \u00e9taient un r\u00e9gal de p\u00e2moison satirique.\u00a0 C\u2019\u00e9tait plus fort que lui. Une fois tomb\u00e9 le ch\u00e2teau dont il \u00e9tait le pont-levis, il est soumis \u00e0 une errance luxueuse mais continue. Il [&hellip;]<\/p>\n","protected":false},"author":1741,"featured_media":0,"comment_status":"closed","ping_status":"closed","sticky":false,"template":"","format":"standard","meta":{"fifu_image_url":"","fifu_image_alt":"","footnotes":""},"categories":[73,53],"tags":[],"class_list":["post-114308","post","type-post","status-publish","format-standard","hentry","category-actualite","category-algerie"],"_links":{"self":[{"href":"https:\/\/linitiative.ca\/International\/wp-json\/wp\/v2\/posts\/114308","targetHints":{"allow":["GET"]}}],"collection":[{"href":"https:\/\/linitiative.ca\/International\/wp-json\/wp\/v2\/posts"}],"about":[{"href":"https:\/\/linitiative.ca\/International\/wp-json\/wp\/v2\/types\/post"}],"author":[{"embeddable":true,"href":"https:\/\/linitiative.ca\/International\/wp-json\/wp\/v2\/users\/1741"}],"replies":[{"embeddable":true,"href":"https:\/\/linitiative.ca\/International\/wp-json\/wp\/v2\/comments?post=114308"}],"version-history":[{"count":0,"href":"https:\/\/linitiative.ca\/International\/wp-json\/wp\/v2\/posts\/114308\/revisions"}],"wp:attachment":[{"href":"https:\/\/linitiative.ca\/International\/wp-json\/wp\/v2\/media?parent=114308"}],"wp:term":[{"taxonomy":"category","embeddable":true,"href":"https:\/\/linitiative.ca\/International\/wp-json\/wp\/v2\/categories?post=114308"},{"taxonomy":"post_tag","embeddable":true,"href":"https:\/\/linitiative.ca\/International\/wp-json\/wp\/v2\/tags?post=114308"}],"curies":[{"name":"wp","href":"https:\/\/api.w.org\/{rel}","templated":true}]}}