{"id":114309,"date":"2021-04-04T06:00:00","date_gmt":"2021-04-04T10:00:00","guid":{"rendered":"https:\/\/linitiative.ca\/International\/qui-pour-les-remettre-en-selle\/"},"modified":"2021-04-04T06:00:00","modified_gmt":"2021-04-04T10:00:00","slug":"qui-pour-les-remettre-en-selle","status":"publish","type":"post","link":"https:\/\/linitiative.ca\/International\/qui-pour-les-remettre-en-selle\/","title":{"rendered":"Qui pour les remettre en selle ?"},"content":{"rendered":"<p class=\"c3\">On pourra toujours se r\u00e9jouir d\u2019avoir affaibli leur capacit\u00e9 de nuisance, il s\u2019en trouvera toujours qui leur feront enjamber la fen\u00eatre avant de leur d\u00e9rouler le tapis vert ! Quand on pense avoir r\u00e9ussi \u00e0 les rendre, en partie, invisibles, sauf lorsqu\u2019ils commettent le pire, il y en a qui convoquent la fanfare pour les remettre en selle. Que vient faire un criminel comme Dhina au micro d\u2019un journaliste cens\u00e9 promouvoir la d\u00e9mocratie ? C\u2019est vrai que pour y parvenir, tout le monde n\u2019emprunte pas le m\u00eame itin\u00e9raire.\u00a0<br \/>Certains, pensant \u00eatre mieux arm\u00e9s, intellectuellement, pour percevoir les int\u00e9r\u00eats d\u2019un rapprochement ou comprendre ce que cela implique de leur donner la parole, vont tendre le micro \u00e0 des sanguinaires d\u00e9termin\u00e9s \u00e0 faire valoir leurs intentions. Elle est ind\u00e9fendable, la fascination de ces derniers pour les bourreaux d\u2019hier qui ne pensent qu\u2019\u00e0 remettre le couvert et sortent du bois d\u00e8s qu\u2019ils sentent le moment venu de le faire. Comme s\u2019ils \u00e9taient en mission command\u00e9e ! Le fameux \u00abqui-tue-qui ?\u00bb, qui incrimine davantage une arm\u00e9e qui a inlassablement combattu le terrorisme arm\u00e9\u00a0 que des \u00e9mirs \u00e9gorgeurs, racketteurs\u00a0 et violeurs de femmes et d\u2019enfants, renseigne sur le confort politique qu\u2019implique le fait de non seulement bouffer \u00e0 tous les r\u00e2teliers mais aussi de rester assis les fesses entre deux chaises. Le voil\u00e0 qui resurgit sous le fallacieux pr\u00e9texte qu\u2019\u00eatre d\u00e9mocrate enseigne de mettre en lumi\u00e8re toutes les tendances id\u00e9ologiques, y compris la plus barbare d\u2019entre elles.\u00a0<br \/>Quand vous en voyez s\u2019agiter fi\u00e9vreusement en martelant que la d\u00e9mocratie exige de dialoguer, y compris avec ceux qui en usent pour mieux l\u2019enterrer, sous le fallacieux pr\u00e9texte que\u00a0 l\u2019Alg\u00e9rie gagnerait \u00e0 \u00e9couter quiconque souhaite participer \u00e0 sa construction. Entendez par l\u00e0 y compris ceux qui l\u2019ont mise \u00e0 feu et \u00e0 sang. Pourquoi les barbares que l\u2019on sollicite, goul\u00fbment, renonceraient-ils \u00e0 vendre leur id\u00e9ologie \u00e0 ceux qui sont pr\u00eats \u00e0 fondre leur discours dans la d\u00e9marche d\u00e9fendue par les d\u00e9mocrates ? Les uns ne perdent rien \u00e0 vendre du vent et les autres ont tout \u00e0 gagner si l\u2019imp\u00e9ratif de faire juger les barbares int\u00e9gristes tournait court.<br \/><em><strong>M. B.<\/strong><\/em><\/p>\n<p>Auteur:<br \/>\n<a href=\"https:\/\/www.lesoirdalgerie.com\/soit-dit-en-passant\/qui-pour-les-remettre-en-selle-58980\">Cliquez ici pour lire l&rsquo;article depuis sa source.<\/a><\/p>\n","protected":false},"excerpt":{"rendered":"<p>On pourra toujours se r\u00e9jouir d\u2019avoir affaibli leur capacit\u00e9 de nuisance, il s\u2019en trouvera toujours qui leur feront enjamber la fen\u00eatre avant de leur d\u00e9rouler le tapis vert ! Quand on pense avoir r\u00e9ussi \u00e0 les rendre, en partie, invisibles, sauf lorsqu\u2019ils commettent le pire, il y en a qui convoquent la fanfare pour les [&hellip;]<\/p>\n","protected":false},"author":1741,"featured_media":0,"comment_status":"closed","ping_status":"closed","sticky":false,"template":"","format":"standard","meta":{"fifu_image_url":"","fifu_image_alt":"","footnotes":""},"categories":[73,53],"tags":[],"class_list":["post-114309","post","type-post","status-publish","format-standard","hentry","category-actualite","category-algerie"],"_links":{"self":[{"href":"https:\/\/linitiative.ca\/International\/wp-json\/wp\/v2\/posts\/114309","targetHints":{"allow":["GET"]}}],"collection":[{"href":"https:\/\/linitiative.ca\/International\/wp-json\/wp\/v2\/posts"}],"about":[{"href":"https:\/\/linitiative.ca\/International\/wp-json\/wp\/v2\/types\/post"}],"author":[{"embeddable":true,"href":"https:\/\/linitiative.ca\/International\/wp-json\/wp\/v2\/users\/1741"}],"replies":[{"embeddable":true,"href":"https:\/\/linitiative.ca\/International\/wp-json\/wp\/v2\/comments?post=114309"}],"version-history":[{"count":0,"href":"https:\/\/linitiative.ca\/International\/wp-json\/wp\/v2\/posts\/114309\/revisions"}],"wp:attachment":[{"href":"https:\/\/linitiative.ca\/International\/wp-json\/wp\/v2\/media?parent=114309"}],"wp:term":[{"taxonomy":"category","embeddable":true,"href":"https:\/\/linitiative.ca\/International\/wp-json\/wp\/v2\/categories?post=114309"},{"taxonomy":"post_tag","embeddable":true,"href":"https:\/\/linitiative.ca\/International\/wp-json\/wp\/v2\/tags?post=114309"}],"curies":[{"name":"wp","href":"https:\/\/api.w.org\/{rel}","templated":true}]}}