{"id":114310,"date":"2021-04-04T06:00:00","date_gmt":"2021-04-04T10:00:00","guid":{"rendered":"https:\/\/linitiative.ca\/International\/kil-barah-kil-youm\/"},"modified":"2021-04-04T06:00:00","modified_gmt":"2021-04-04T10:00:00","slug":"kil-barah-kil-youm","status":"publish","type":"post","link":"https:\/\/linitiative.ca\/International\/kil-barah-kil-youm\/","title":{"rendered":"Kil barah, kil youm !"},"content":{"rendered":"<p class=\"c3\">Comment faire le proc\u00e8s de la lumi\u00e8re ? En\u2026<\/p>\n<p class=\"c3\"><strong>\u2026 \u00e9teignant la pens\u00e9e !\u00a0<\/strong><\/p>\n<p class=\"c3\">Toute la \u00ab philosophie \u00bb et la conception du dialogue d\u00e9mocratique \u00e9taient r\u00e9sum\u00e9es \u00e0 la sortie du tribunal, par les avocats et les accompagnateurs de celui qui a port\u00e9 plainte contre Sa\u00efd Djabelkhir. Dans la p\u00e9nombre noire d\u2019une journ\u00e9e agonisante, ils s\u2019en sont pris verbalement et physiquement aux avocats et accompagnateurs du penseur et chercheur en th\u00e9ologie. Visages d\u00e9form\u00e9s par la haine. Rictus en staccatos. Poings et barbes en sabres virtuels. Pas si virtuels, en fait. Non ! Je ne la joue pas \u00e0 celui qui serait surpris, qui d\u00e9couvre. Je fais partie d\u2019une g\u00e9n\u00e9ration qui les conna\u00eet. Qui sait leur p\u00e9digr\u00e9e d\u00e9s\u00e9quilibr\u00e9. Mais il \u00e9tait bon que ces vid\u00e9os-l\u00e0 circulent pour les jeunes g\u00e9n\u00e9rations qui n\u2019ont pas eu \u00e0 vivre les campagnes d\u2019intimidation, ensuite celles de terreur. Il est n\u00e9cessaire et vital que soit donn\u00e9e \u00e0 voir in-vivo leur capacit\u00e9 au dialogue serein et r\u00e9publicain ! Aujourd\u2019hui, l\u2019\u00e9ructation et la bave en \u00e9claireurs. Demain, l\u2019attentat et le meurtre ! Oui ! Il est bon que tout cela se produise aujourd\u2019hui, comme une piqure de rappel. Et aussi comme un contre-point (poing) aux appels de plus en plus pressants \u00e0 la fraternisation avec ces fr\u00e8res-l\u00e0. Des camelots du dialogue sans exclusive, sortis p\u00eale-m\u00eale de l\u2019extr\u00eame gauche, de l\u2019extr\u00eame projet dessin\u00e9 pour nous par leurs bailleurs de fonds. Ceux-l\u00e0 aussi, je les connais ! Je fais partie de cette g\u00e9n\u00e9ration qui a eu \u00e0 les c\u00f4toyer un temps, dans les rues grondantes, pour les voir ensuite, pour une bonne partie d\u2019entre eux, prendre l\u2019avion pour l\u2019abri et la\u2026 distanciation physique d\u2019avec les lames, les scies et les d\u00e9capitations. Voyant que nous entrions en r\u00e9sistance \u00e0 cette \u00e9poque-l\u00e0, refusant de boire le poison vert qu\u2019ils nous sugg\u00e9raient d\u2019essayer avant la gu\u00e9rison, ils reviennent aujourd\u2019hui, toujours \u00e0 distance pour beaucoup, d\u2019ici pour leurs recrues et \u00e9l\u00e9ments dormants nous remettre la fiole sous le nez, attendant s\u00fbrement que nous en buvions enfin le contenu. \u00ab Buvez ! Vous verrez, la formule de cette nouvelle boisson est diff\u00e9rente. Elle est light, all\u00e9g\u00e9e. Vous ne risquez rien ! \u00bb Je n\u2019ai vu aucune diff\u00e9rence dans le breuvage servi en open-bar islamiste au sortir du tribunal. Le m\u00eame alcool frelat\u00e9. L\u2019identique curare aux relents assur\u00e9ment mortif\u00e8res. Alors, aujourd\u2019hui comme hier, les m\u00eames r\u00e9ponses aux barmans et barmaids : aucun dialogue avec les islamistes. Pas l\u2019once d\u2019une parole \u00e9chang\u00e9e. L\u2019islamisme se combat ! Ici ! Tous les instants. Avec pour seule pause, celle des guerriers de la R\u00e9publique qui fument du th\u00e9 pour rester \u00e9veill\u00e9s \u00e0 ce cauchemar qui continue.<br \/><em><strong>H. L.<\/strong><\/em><\/p>\n<p>Auteur:<br \/>\n<a href=\"https:\/\/www.lesoirdalgerie.com\/pousse-avec-eux\/kil-barah-kil-youm-58979\">Cliquez ici pour lire l&rsquo;article depuis sa source.<\/a><\/p>\n","protected":false},"excerpt":{"rendered":"<p>Comment faire le proc\u00e8s de la lumi\u00e8re ? En\u2026 \u2026 \u00e9teignant la pens\u00e9e !\u00a0 Toute la \u00ab philosophie \u00bb et la conception du dialogue d\u00e9mocratique \u00e9taient r\u00e9sum\u00e9es \u00e0 la sortie du tribunal, par les avocats et les accompagnateurs de celui qui a port\u00e9 plainte contre Sa\u00efd Djabelkhir. Dans la p\u00e9nombre noire d\u2019une journ\u00e9e agonisante, ils [&hellip;]<\/p>\n","protected":false},"author":1741,"featured_media":0,"comment_status":"closed","ping_status":"closed","sticky":false,"template":"","format":"standard","meta":{"fifu_image_url":"","fifu_image_alt":"","footnotes":""},"categories":[73,53],"tags":[],"class_list":["post-114310","post","type-post","status-publish","format-standard","hentry","category-actualite","category-algerie"],"_links":{"self":[{"href":"https:\/\/linitiative.ca\/International\/wp-json\/wp\/v2\/posts\/114310","targetHints":{"allow":["GET"]}}],"collection":[{"href":"https:\/\/linitiative.ca\/International\/wp-json\/wp\/v2\/posts"}],"about":[{"href":"https:\/\/linitiative.ca\/International\/wp-json\/wp\/v2\/types\/post"}],"author":[{"embeddable":true,"href":"https:\/\/linitiative.ca\/International\/wp-json\/wp\/v2\/users\/1741"}],"replies":[{"embeddable":true,"href":"https:\/\/linitiative.ca\/International\/wp-json\/wp\/v2\/comments?post=114310"}],"version-history":[{"count":0,"href":"https:\/\/linitiative.ca\/International\/wp-json\/wp\/v2\/posts\/114310\/revisions"}],"wp:attachment":[{"href":"https:\/\/linitiative.ca\/International\/wp-json\/wp\/v2\/media?parent=114310"}],"wp:term":[{"taxonomy":"category","embeddable":true,"href":"https:\/\/linitiative.ca\/International\/wp-json\/wp\/v2\/categories?post=114310"},{"taxonomy":"post_tag","embeddable":true,"href":"https:\/\/linitiative.ca\/International\/wp-json\/wp\/v2\/tags?post=114310"}],"curies":[{"name":"wp","href":"https:\/\/api.w.org\/{rel}","templated":true}]}}