{"id":114314,"date":"2021-04-04T09:00:41","date_gmt":"2021-04-04T13:00:41","guid":{"rendered":"https:\/\/linitiative.ca\/International\/maroc-les-migrants-sans-papiers-et-residents-en-situation-irreguliere-peuvent-ils-se-faire-vacciner\/"},"modified":"2021-04-04T09:00:41","modified_gmt":"2021-04-04T13:00:41","slug":"maroc-les-migrants-sans-papiers-et-residents-en-situation-irreguliere-peuvent-ils-se-faire-vacciner","status":"publish","type":"post","link":"https:\/\/linitiative.ca\/International\/maroc-les-migrants-sans-papiers-et-residents-en-situation-irreguliere-peuvent-ils-se-faire-vacciner\/","title":{"rendered":"Maroc : les migrants sans-papiers et r\u00e9sidents en situation irr\u00e9guli\u00e8re peuvent-ils se faire vacciner ?"},"content":{"rendered":"<p><strong>La campagne de vaccination s\u2019acc\u00e9l\u00e8re au Maroc avec 8.240.870 de patients ayant re\u00e7u une premi\u00e8re dose contre la covid-19, \u00e0 la date du samedi 3 avril \u00e0 18 heures. Mais quid des<\/strong> <strong>migrants sans-papiers et des r\u00e9sidents<\/strong> <strong>en situation irr\u00e9guli\u00e8re ?<\/strong><\/p>\n<div class=\"c10\">\n<\/div>\n<p>Avec plus de 8,2 millions de patients ayant re\u00e7u une premi\u00e8re dose contre la Covid-19 depuis le samedi 3 avril \u00e0 18 heures, le Maroc fait figure d\u2019exemple en Afrique et d\u00e9passe m\u00eame les taux de vaccination de la plupart des pays de l\u2019Union europ\u00e9enne.\u00a0 Le Royaume cible d\u2019ici la fin de l\u2019\u00e9t\u00e9 l\u2019immunit\u00e9 de quelque 30 millions de personnes, y compris les \u00e9trangers r\u00e9sidents en situation r\u00e9guli\u00e8re. Pour ces derniers, \u00e0 l\u2019instar des Marocains, la proc\u00e9dure pour se faire vacciner est la m\u00eame\u00a0: ils sont invit\u00e9s \u00e0 prendre rendez-vous ou \u00e0 le v\u00e9rifier, soit via l\u2019envoi d\u2019un SMS gratuit au num\u00e9ro 1717, soit sur la plateforme \u00ab\u00a0www.liqahcorona.ma\u00a0\u00bb. (en fran\u00e7ais : <a href=\"https:\/\/www.liqahcorona.ma\/fr\">https:\/\/www.liqahcorona.ma\/fr<\/a>). Mais quid des migrants sans-papiers et des r\u00e9sidents en situation irr\u00e9guli\u00e8re ? Vuln\u00e9rables et pr\u00e9caires, migrants sans-papiers figurent en bonne position sur la liste des populations les plus menac\u00e9es par la crise sanitaire. Mais leur place dans la campagne de vaccination contre la Covid reste encore \u00e0 pr\u00e9ciser, suscitant l\u2019inqui\u00e9tude des associations humanitaires. \u00ab\u00a0Le Groupe de Travail Protection (GTP) qui est une plateforme de travail constitu\u00e9e d\u2019une trentaine d\u2019Associations, ONGs et Organisations op\u00e9rationnelles dans le domaine des droits humains, en particulier de la protection des droits des r\u00e9fugi\u00e9s, des demandeurs d\u2019asile, des migrants en situation vuln\u00e9rable et des apatrides dans la r\u00e9gion de Casablanca-Settat et dont notre Association Bank de Solidarit\u00e9 est membre, a d\u00e9j\u00e0 adress\u00e9 une lettre au ministre de la Sant\u00e9 pour que les sans-papiers soient pris en compte dans la campagne de vaccination. Mais nous n\u2019avons re\u00e7u aucune r\u00e9ponse en d\u00e9pit de nos nombreuses relances. On attend encore cette r\u00e9ponse qui ne vient pas\u00a0\u00bb, souligne Ebeha Beyeth Gueck, Pr\u00e9sident de l\u2019Association Bank de Solidarit\u00e9 qui tient \u00e0 pr\u00e9ciser que \u00ab\u00a0le droit \u00e0 la sant\u00e9 n\u2019a pas de fronti\u00e8re\u00a0\u00bb.<\/p>\n<p><strong>Lire aussi| <a href=\"https:\/\/www.challenge.ma\/electricite-les-actes-de-vandalisme-et-de-vol-coutent-1-milliard-de-dh-par-an-a-lonee-180423\/\">Electricit\u00e9 : Les actes de vandalisme et de vol co\u00fbtent 1 milliard de DH par an \u00e0 l\u2019ONEE<\/a><\/strong><\/p>\n<p>Interpel\u00e9 sur ce qui pourrait \u00eatre une omission, un responsable du minist\u00e8re de la Sant\u00e9, a simplement r\u00e9pondu \u00ab\u00a0qu\u2019aucune d\u00e9cision officielle n\u2019avait \u00e9t\u00e9 prise \u00e0 ce sujet\u00a0\u00bb. Et de pr\u00e9ciser que des dizaines de milliers d\u2019\u00e9trangers en situation r\u00e9guli\u00e8re avaient, eux, \u00e9t\u00e9 vaccin\u00e9s.\u00a0\u00a0<\/p>\n<p>Il reste encore que les \u00e9trangers r\u00e9sidents n\u2019ayant pas de titre de carte de r\u00e9sident ou de s\u00e9jour en cours de validit\u00e9 ne pourront pas \u00e9galement se faire vacciner. \u00ab\u00a0La pand\u00e9mie a retard\u00e9 et mis \u00e0 l\u2019\u00e9preuve ceux qui voulaient renouveler leur carte de s\u00e9jour. Beaucoup de demandeurs ont eu des difficult\u00e9s \u00e0 renouveler leur carte de s\u00e9jour. Plusieurs personnes en situation r\u00e9guli\u00e8re sont tomb\u00e9es dans l\u2019irr\u00e9gularit\u00e9. Nombreux sont ceux qui ont perdu leur emploi, d\u2019autres sont dans l\u2019informel ou ne sont pas d\u00e9clar\u00e9s au sein m\u00eame des entreprises qui les emploient et d\u2019autres ont fini leurs \u00e9tudes et n\u2019ont pas pu renouveler leur carte de s\u00e9jour\u00a0\u00bb, affirme le pr\u00e9sident de l\u2019Association Bank de Solidarit\u00e9.\u00a0<\/p>\n<p><strong>Lire aussi| <a href=\"https:\/\/www.challenge.ma\/lactionnaire-chinois-de-la-societe-damenagement-de-tanger-tech-en-visite-au-maroc-180416\/\">L\u2019actionnaire chinois de la Soci\u00e9t\u00e9 d\u2019Am\u00e9nagement de Tanger Tech en visite au Maroc<\/a><\/strong><\/p>\n<p>Plusieurs groupes de d\u00e9fense des droits des migrants craignent qu\u2019en mettant de c\u00f4t\u00e9 les sans-papiers, ces derniers soient, d\u2019une part, encore plus marginalis\u00e9s et que, d\u2019autre part, les efforts de vaccination ne soient an\u00e9antis. Selon Younes Faudel, Pr\u00e9sident du collectif Papiers pour tous, \u00ab\u00a0le co\u00fbt de l\u2019omission des sans-papiers dans la campagne de vaccination va se r\u00e9v\u00e9ler bien plus \u00e9lev\u00e9 que celui du vaccin lui-m\u00eame\u00a0\u00bb. Pour rappel, depuis 2013, le Maroc a men\u00e9 de vastes campagnes de r\u00e9gularisation des clandestins pr\u00e9sents sur son territoire, offrant des papiers \u00e0 plus de 50 000 d\u2019entre eux. Mais de nombreux Africains continuent d\u2019affluer dans le pays, certains pour y travailler, d\u2019autres dans l\u2019espoir de poursuivre leur route vers l\u2019Europe.<\/p>\n<p><strong>Lire aussi| <a href=\"https:\/\/www.challenge.ma\/maghreb-steel-le-sauvetage-de-la-derniere-chance-180288\/\">Maghreb Steel : le sauvetage de la derni\u00e8re chance ?<\/a><\/strong><\/p>\n<p>Auteur: Adama Sylla<br \/>\n<a href=\"https:\/\/www.challenge.ma\/maroc-les-migrants-sans-papiers-et-residents-en-situation-irreguliere-peuvent-ils-se-faire-vacciner-180432\/\">Cliquez ici pour lire l&rsquo;article depuis sa source.<\/a><\/p>\n","protected":false},"excerpt":{"rendered":"<p>La campagne de vaccination s\u2019acc\u00e9l\u00e8re au Maroc avec 8.240.870 de patients ayant re\u00e7u une premi\u00e8re dose contre la covid-19, \u00e0 la date du samedi 3 avril \u00e0 18 heures. Mais quid des migrants sans-papiers et des r\u00e9sidents en situation irr\u00e9guli\u00e8re ? Avec plus de 8,2 millions de patients ayant re\u00e7u une premi\u00e8re dose contre la [&hellip;]<\/p>\n","protected":false},"author":1787,"featured_media":0,"comment_status":"closed","ping_status":"closed","sticky":false,"template":"","format":"standard","meta":{"fifu_image_url":"","fifu_image_alt":"","footnotes":""},"categories":[78,54],"tags":[],"class_list":["post-114314","post","type-post","status-publish","format-standard","hentry","category-economie","category-maroc"],"_links":{"self":[{"href":"https:\/\/linitiative.ca\/International\/wp-json\/wp\/v2\/posts\/114314","targetHints":{"allow":["GET"]}}],"collection":[{"href":"https:\/\/linitiative.ca\/International\/wp-json\/wp\/v2\/posts"}],"about":[{"href":"https:\/\/linitiative.ca\/International\/wp-json\/wp\/v2\/types\/post"}],"author":[{"embeddable":true,"href":"https:\/\/linitiative.ca\/International\/wp-json\/wp\/v2\/users\/1787"}],"replies":[{"embeddable":true,"href":"https:\/\/linitiative.ca\/International\/wp-json\/wp\/v2\/comments?post=114314"}],"version-history":[{"count":0,"href":"https:\/\/linitiative.ca\/International\/wp-json\/wp\/v2\/posts\/114314\/revisions"}],"wp:attachment":[{"href":"https:\/\/linitiative.ca\/International\/wp-json\/wp\/v2\/media?parent=114314"}],"wp:term":[{"taxonomy":"category","embeddable":true,"href":"https:\/\/linitiative.ca\/International\/wp-json\/wp\/v2\/categories?post=114314"},{"taxonomy":"post_tag","embeddable":true,"href":"https:\/\/linitiative.ca\/International\/wp-json\/wp\/v2\/tags?post=114314"}],"curies":[{"name":"wp","href":"https:\/\/api.w.org\/{rel}","templated":true}]}}