{"id":114317,"date":"2021-04-04T15:22:04","date_gmt":"2021-04-04T19:22:04","guid":{"rendered":"https:\/\/linitiative.ca\/International\/beja-coronavirus-fermeture-de-certains-etablissements-educatifs\/"},"modified":"2021-04-04T15:22:04","modified_gmt":"2021-04-04T19:22:04","slug":"beja-coronavirus-fermeture-de-certains-etablissements-educatifs","status":"publish","type":"post","link":"https:\/\/linitiative.ca\/International\/beja-coronavirus-fermeture-de-certains-etablissements-educatifs\/","title":{"rendered":"B\u00e9ja-Coronavirus: Fermeture de certains \u00e9tablissements \u00e9ducatifs"},"content":{"rendered":"<div class=\"post-cont-in left relative\">\n<div id=\"post-info-wrap\" class=\"left relative post-info-out\">\n<div class=\"post-info-img left relative\"><img decoding=\"async\" alt=\"\" src=\"https:\/\/secure.gravatar.com\/avatar\/ea481d7287ad38ca1787f44b5bb1b70e?s=50&amp;d=mm&amp;r=g\" srcset=\"https:\/\/secure.gravatar.com\/avatar\/ea481d7287ad38ca1787f44b5bb1b70e?s=100&amp;d=mm&amp;r=g 2x\" class=\"avatar avatar-50 photo\" height=\"50\" width=\"50\" loading=\"lazy\"\/><\/div>\n<div class=\"post-info-in\">\n<div class=\"post-info-right left relative post-info-name left relative\"><span><span class=\"post-info-text\">Par<\/span> <span class=\"author-name vcard fn author\"><a href=\"https:\/\/www.tunisienumerique.com\/author\/rania-ben-slimane\/\" title=\"Articles par rania ben slimane\" rel=\"author\">rania ben slimane<\/a><\/span><\/span> <span class=\"post-date updated\"><time class=\"post-date updated\" datetime=\"2021-04-04\">\u00a0| Il y a 2 heures<\/time><\/span><br \/>\n<meta itemprop=\"dateModified\" content=\"2021-04-04\"\/><\/div>\n<div class=\"left relative\"><button id=\"listenButton1\" class=\"responsivevoice-button\" type=\"button\" value=\"Play\" title=\"\u00c9coutez l'article\"><span>\ud83d\udd0a \u00c9coutez l&rsquo;article<\/span><\/button>\n<\/div>\n<\/div>\n<\/div>\n<p>Le Comit\u00e9 R\u00e9gional pour la lutte contre les catastrophes et l\u2019organisation de secours dans le gouvernorat de B\u00e9ja a d\u00e9cid\u00e9, dans le cadre du suivi de la situation \u00e9pid\u00e9miologique dans la d\u00e9l\u00e9gation de Teboursouk, la fermeture de l\u2019\u00e9cole primaire de Bab Jebli et d\u2019une classe de la deuxi\u00e8me ann\u00e9e \u00e9conomie au lyc\u00e9e Ibn Abi Dhief. Ajoutant que les autres \u00e9tablissements d\u2019enseignement resteront ouverts, tout en veillant \u00e0 la stricte application des mesures sanitaires dans la r\u00e9gion.<\/p>\n<div class=\"code-block code-block-1 c4\">\n <ins class=\"adsbygoogle c3\" data-ad-layout=\"in-article\" data-ad-format=\"fluid\" data-ad-client=\"ca-pub-2102118777505746\" data-ad-slot=\"7301775417\"\/>\n<\/div>\n<p>Le comit\u00e9 a annonc\u00e9 \u00e9galement que ces d\u00e9cisions sont susceptibles d\u2019\u00eatre actualis\u00e9es en fonction de l\u2019\u00e9volution de la situation \u00e9pid\u00e9miologique dans la r\u00e9gion, en coordination avec la Commissariat R\u00e9gional de l\u2019Education et la Direction R\u00e9gionale de la Sant\u00e9.<\/p>\n<div class=\"swp_social_panel swp_horizontal_panel swp_flat_fresh swp_default_full_color swp_individual_full_color swp_other_full_color scale-100 scale-\" data-min-width=\"1100\" data-float-color=\"#ffffff\" data-float=\"bottom\" data-float-mobile=\"bottom\" data-transition=\"slide\">\n<div class=\"nc_tweetContainer swp_share_button total_shares total_sharesalt\"><span class=\"swp_count\">6 <span class=\"swp_label\">Partages<\/span><\/span><\/div>\n<\/div>\n<p><strong>Que se passe-t-il en Tunisie?<\/strong><br \/>Nous expliquons sur notre <a href=\"https:\/\/www.youtube.com\/channel\/UCRzypVq0B_yBad5eGrwBx0Q?sub_confirmation=1\" target=\"_blank\" rel=\"noopener\">cha\u00eene YouTube<\/a> . <a href=\"https:\/\/www.youtube.com\/channel\/UCRzypVq0B_yBad5eGrwBx0Q?sub_confirmation=1\" target=\"_blank\" rel=\"noopener\">Abonnez-vous!<\/a><\/p>\n<div class=\"mvp-org-wrap\" itemprop=\"publisher\">\n<div class=\"mvp-org-logo\" itemprop=\"logo\"><img decoding=\"async\" src=\"https:\/\/www.tunisienumerique.com\/wp-content\/uploads\/2017\/02\/logo_tunisie_numerique.png\"\/><br \/>\n<meta itemprop=\"url\" content=\"https:\/\/www.tunisienumerique.com\/wp-content\/uploads\/2017\/02\/logo_tunisie_numerique.png\"\/><\/div>\n<p><meta content=\"Tunisie\"\/><\/div>\n<div class=\"post-tags\"><span class=\"post-tags-header\">Sujets Connexes:<\/span><span itemprop=\"keywords\"><a href=\"https:\/\/www.tunisienumerique.com\/tunisie-actualite\/beja\/\" rel=\"tag\">B\u00e9ja<\/a>, <a href=\"https:\/\/www.tunisienumerique.com\/tunisie-actualite\/commission-de-lutte-contre-les-catastrophes\/\" rel=\"tag\">Commission de lutte contre les catastrophes<\/a>, <a href=\"https:\/\/www.tunisienumerique.com\/tunisie-actualite\/coronavirus\/\" rel=\"tag\">coronavirus<\/a>, <a href=\"https:\/\/www.tunisienumerique.com\/tunisie-actualite\/fermeture-decoles\/\" rel=\"tag\">Fermeture d&rsquo;\u00e9coles<\/a>, <a href=\"https:\/\/www.tunisienumerique.com\/tunisie-actualite\/lycee\/\" rel=\"tag\">lyc\u00e9e<\/a>, <a href=\"https:\/\/www.tunisienumerique.com\/tunisie-actualite\/mesures-sanitaires\/\" rel=\"tag\">mesures sanitaires<\/a>, <a href=\"https:\/\/www.tunisienumerique.com\/tunisie-actualite\/ministere-de-leducation\/\" rel=\"tag\">minist\u00e8re de l&rsquo;\u00e9ducation<\/a>, <a href=\"https:\/\/www.tunisienumerique.com\/tunisie-actualite\/ministere-de-la-sante\/\" rel=\"tag\">minist\u00e8re de la sant\u00e9<\/a>, <a href=\"https:\/\/www.tunisienumerique.com\/tunisie-actualite\/teboursouk\/\" rel=\"tag\">Teboursouk<\/a>, <a href=\"https:\/\/www.tunisienumerique.com\/tunisie-actualite\/tunisie\/\" rel=\"tag\">Tunisie<\/a>, <a href=\"https:\/\/www.tunisienumerique.com\/tunisie-actualite\/tunisie-rente\/\" rel=\"tag\">Tunisie rente<\/a><\/span><\/div>\n<div class=\"mvp-related-posts left relative\">\n<h4 class=\"post-header\"><span class=\"post-header\">Lire aussi<\/span><\/h4>\n<\/div>\n<div id=\"article-ad\">\n <ins class=\"adsbygoogle c5\" data-ad-client=\"ca-pub-2102118777505746\" data-ad-slot=\"6513972734\" data-ad-format=\"auto\" data-full-width-responsive=\"true\"\/>\n<\/div>\n<\/div>\n<div id=\"post-sidebar-wrap\">\n <ins class=\"adsbygoogle c5\" data-ad-client=\"ca-pub-2102118777505746\" data-ad-slot=\"6168283410\" data-ad-format=\"auto\" data-full-width-responsive=\"true\"\/>\n<\/div>\n<p>Auteur: rania ben slimane<br \/>\n<a href=\"https:\/\/www.tunisienumerique.com\/beja-coronavirus-fermeture-de-certains-etablissements-educatifs\/\">Cliquez ici pour lire l&rsquo;article depuis sa source.<\/a><\/p>\n","protected":false},"excerpt":{"rendered":"<p>Par rania ben slimane \u00a0| Il y a 2 heures \ud83d\udd0a \u00c9coutez l&rsquo;article Le Comit\u00e9 R\u00e9gional pour la lutte contre les catastrophes et l\u2019organisation de secours dans le gouvernorat de B\u00e9ja a d\u00e9cid\u00e9, dans le cadre du suivi de la situation \u00e9pid\u00e9miologique dans la d\u00e9l\u00e9gation de Teboursouk, la fermeture de l\u2019\u00e9cole primaire de Bab Jebli [&hellip;]<\/p>\n","protected":false},"author":1789,"featured_media":0,"comment_status":"closed","ping_status":"closed","sticky":false,"template":"","format":"standard","meta":{"fifu_image_url":"https:\/\/secure.gravatar.com\/avatar\/ea481d7287ad38ca1787f44b5bb1b70e?s=50&d=mm&r=g","fifu_image_alt":"B\u00e9ja-Coronavirus: Fermeture de certains \u00e9tablissements \u00e9ducatifs","footnotes":""},"categories":[73,55],"tags":[],"class_list":["post-114317","post","type-post","status-publish","format-standard","hentry","category-actualite","category-tunisie"],"_links":{"self":[{"href":"https:\/\/linitiative.ca\/International\/wp-json\/wp\/v2\/posts\/114317","targetHints":{"allow":["GET"]}}],"collection":[{"href":"https:\/\/linitiative.ca\/International\/wp-json\/wp\/v2\/posts"}],"about":[{"href":"https:\/\/linitiative.ca\/International\/wp-json\/wp\/v2\/types\/post"}],"author":[{"embeddable":true,"href":"https:\/\/linitiative.ca\/International\/wp-json\/wp\/v2\/users\/1789"}],"replies":[{"embeddable":true,"href":"https:\/\/linitiative.ca\/International\/wp-json\/wp\/v2\/comments?post=114317"}],"version-history":[{"count":0,"href":"https:\/\/linitiative.ca\/International\/wp-json\/wp\/v2\/posts\/114317\/revisions"}],"wp:attachment":[{"href":"https:\/\/linitiative.ca\/International\/wp-json\/wp\/v2\/media?parent=114317"}],"wp:term":[{"taxonomy":"category","embeddable":true,"href":"https:\/\/linitiative.ca\/International\/wp-json\/wp\/v2\/categories?post=114317"},{"taxonomy":"post_tag","embeddable":true,"href":"https:\/\/linitiative.ca\/International\/wp-json\/wp\/v2\/tags?post=114317"}],"curies":[{"name":"wp","href":"https:\/\/api.w.org\/{rel}","templated":true}]}}