{"id":114318,"date":"2021-04-04T15:25:59","date_gmt":"2021-04-04T19:25:59","guid":{"rendered":"https:\/\/linitiative.ca\/International\/tunisie-ils-sont-tous-tombes-dans-le-piege-inextricable-de-leur-propre-ignorance\/"},"modified":"2021-04-04T15:25:59","modified_gmt":"2021-04-04T19:25:59","slug":"tunisie-ils-sont-tous-tombes-dans-le-piege-inextricable-de-leur-propre-ignorance","status":"publish","type":"post","link":"https:\/\/linitiative.ca\/International\/tunisie-ils-sont-tous-tombes-dans-le-piege-inextricable-de-leur-propre-ignorance\/","title":{"rendered":"Tunisie \u2013 Ils sont tous tomb\u00e9s dans le pi\u00e8ge inextricable de leur propre ignorance"},"content":{"rendered":"<div class=\"post-cont-in left relative\">\n<div id=\"post-info-wrap\" class=\"left relative post-info-out\">\n<div class=\"post-info-img left relative\"><img decoding=\"async\" alt=\"\" src=\"https:\/\/secure.gravatar.com\/avatar\/9f10b5e5a102bf8cc0ebfb84f5ab5652?s=50&amp;d=mm&amp;r=g\" srcset=\"https:\/\/secure.gravatar.com\/avatar\/9f10b5e5a102bf8cc0ebfb84f5ab5652?s=100&amp;d=mm&amp;r=g 2x\" class=\"avatar avatar-50 photo\" height=\"50\" width=\"50\" loading=\"lazy\"\/><\/div>\n<div class=\"post-info-in\">\n<div class=\"post-info-right left relative post-info-name left relative\"><span><span class=\"post-info-text\">Par<\/span> <span class=\"author-name vcard fn author\"><a href=\"https:\/\/www.tunisienumerique.com\/author\/ramsis\/\" title=\"Articles par Ramsis\" rel=\"author\">Ramsis<\/a><\/span><\/span> <span class=\"post-date updated\"><time class=\"post-date updated\" datetime=\"2021-04-04\">\u00a0| Il y a 2 heures<\/time><\/span><br \/>\n<meta itemprop=\"dateModified\" content=\"2021-04-04\"\/><\/div>\n<div class=\"left relative\"><button id=\"listenButton1\" class=\"responsivevoice-button\" type=\"button\" value=\"Play\" title=\"\u00c9coutez l'article\"><span>\ud83d\udd0a \u00c9coutez l&rsquo;article<\/span><\/button>\n<\/div>\n<\/div>\n<\/div>\n<p>Le refus de signer le projet de loi relatif \u00e0 la cour constitutionnelle par le pr\u00e9sident de la R\u00e9publique et surtout, la cause principale pour sur laquelle il s\u2019est repos\u00e9 pour rejeter cette proposition, a pris tout le monde de court et leur a coup\u00e9 le souffle.<\/p>\n<div class=\"code-block code-block-1 c4\">\n <ins class=\"adsbygoogle c3\" data-ad-layout=\"in-article\" data-ad-format=\"fluid\" data-ad-client=\"ca-pub-2102118777505746\" data-ad-slot=\"7301775417\"\/>\n<\/div>\n<p>Ils se sont, en effet, rendus compte de l\u2019\u00e9normit\u00e9 de la situation dans laquelle ils se sont mis ainsi que tout le pays.<\/p>\n<p>Ka\u00efs Sa\u00efed a, en effet, fait remarquer au Cheikh que l\u2019ARP a, de tr\u00e8s loin, d\u00e9pass\u00e9 les d\u00e9lais constitutionnels pour la mise en place de cette cour. Il a rappel\u00e9, par ailleurs, qu\u2019il avait jur\u00e9 devant leur Assembl\u00e9e qu\u2019il fera tout pour respecter cette Constitution qu\u2019ils ont, eux-m\u00eames r\u00e9dig\u00e9e et qu\u2019il ont qualifi\u00e9e de meilleure Constitution du monde et de tous les temps.<\/p>\n<p>Cette Constitution ou champ de mine, stipule en effet, dans son article 148, que la cour constitutionnelle doit \u00eatre constitu\u00e9e et mise en place au plus tard une ann\u00e9e apr\u00e8s l\u2019\u00e9lection de l\u2019ARP. Cette Assembl\u00e9e ayant \u00e9t\u00e9 \u00e9lue en 2014, la cour constitutionnelle devait \u00eatre finalis\u00e9e en 2015. Maintenant, on est en 2021, il est trop tard pour le faire, sans bafouer cet article de la Constitution. Ce que Ka\u00efs Sa\u00efed refuse cat\u00e9goriquement.<\/p>\n<p>Il n\u2019y a donc pas de solution ! A moins que\u2026<\/p>\n<p>Le solution qui pourrait \u00eatre envisag\u00e9e est celle de modifier ce satan\u00e9 article 148 de la Constitution.<\/p>\n<p>Oui\u2026 Mais\u00a0!<\/p>\n<p>L\u00e0 aussi, les lumi\u00e8res de l\u2019Assembl\u00e9e constitutionnelle se sont entrav\u00e9 et ont cr\u00e9\u00e9 un autre blocage, en connaissance de cause, puisqu\u2019avant de r\u00e9diger l\u2019article 148, ils ont oubli\u00e9 qu\u2019ils se sont concoct\u00e9 un autre pi\u00e8ge, dans l\u2019article 144, qui stipule, justement, qu\u2019aucune modification ne pourrait \u00eatre introduite \u00e0 la Constitution, sans l\u2019aval de la\u2026 Cour constitutionnelle !<\/p>\n<p>Ah\u2026 Zut\u00a0!!<\/p>\n<p><a href=\"https:\/\/www.tunisienumerique.com\/tunisie-ils-sont-tous-tombes-dans-le-piege-inextricable-de-leur-propre-ignorance\/anccc\/\" rel=\"attachment wp-att-646955\"><img decoding=\"async\" loading=\"lazy\" class=\"aligncenter size-full wp-image-646955\" src=\"https:\/\/www.tunisienumerique.com\/wp-content\/uploads\/2021\/04\/anccc.jpg\" alt=\"\" width=\"640\" height=\"452\" srcset=\"https:\/\/www.tunisienumerique.com\/wp-content\/uploads\/2021\/04\/anccc.jpg 640w, https:\/\/www.tunisienumerique.com\/wp-content\/uploads\/2021\/04\/anccc-600x424.jpg 600w\" sizes=\"auto, (max-width: 640px) 100vw, 640px\"\/><\/a><\/p>\n<div class=\"swp_social_panel swp_horizontal_panel swp_flat_fresh swp_default_full_color swp_individual_full_color swp_other_full_color scale-100 scale-\" data-min-width=\"1100\" data-float-color=\"#ffffff\" data-float=\"bottom\" data-float-mobile=\"bottom\" data-transition=\"slide\">\n<div class=\"nc_tweetContainer swp_share_button total_shares total_sharesalt\"><span class=\"swp_count\">71 <span class=\"swp_label\">Partages<\/span><\/span><\/div>\n<\/div>\n<p><strong>Que se passe-t-il en Tunisie?<\/strong><br \/>Nous expliquons sur notre <a href=\"https:\/\/www.youtube.com\/channel\/UCRzypVq0B_yBad5eGrwBx0Q?sub_confirmation=1\" target=\"_blank\" rel=\"noopener\">cha\u00eene YouTube<\/a> . <a href=\"https:\/\/www.youtube.com\/channel\/UCRzypVq0B_yBad5eGrwBx0Q?sub_confirmation=1\" target=\"_blank\" rel=\"noopener\">Abonnez-vous!<\/a><\/p>\n<div class=\"mvp-org-wrap\" itemprop=\"publisher\">\n<div class=\"mvp-org-logo\" itemprop=\"logo\"><img decoding=\"async\" src=\"https:\/\/www.tunisienumerique.com\/wp-content\/uploads\/2017\/02\/logo_tunisie_numerique.png\"\/><br \/>\n<meta itemprop=\"url\" content=\"https:\/\/www.tunisienumerique.com\/wp-content\/uploads\/2017\/02\/logo_tunisie_numerique.png\"\/><\/div>\n<p><meta content=\"Tunisie\"\/><\/div>\n<div class=\"mvp-related-posts left relative\">\n<h4 class=\"post-header\"><span class=\"post-header\">Lire aussi<\/span><\/h4>\n<\/div>\n<div id=\"article-ad\">\n <ins class=\"adsbygoogle c5\" data-ad-client=\"ca-pub-2102118777505746\" data-ad-slot=\"6513972734\" data-ad-format=\"auto\" data-full-width-responsive=\"true\"\/>\n<\/div>\n<\/div>\n<div id=\"post-sidebar-wrap\">\n <ins class=\"adsbygoogle c5\" data-ad-client=\"ca-pub-2102118777505746\" data-ad-slot=\"6168283410\" data-ad-format=\"auto\" data-full-width-responsive=\"true\"\/>\n<\/div>\n<p>Auteur: Ramsis<br \/>\n<a href=\"https:\/\/www.tunisienumerique.com\/tunisie-ils-sont-tous-tombes-dans-le-piege-inextricable-de-leur-propre-ignorance\/\">Cliquez ici pour lire l&rsquo;article depuis sa source.<\/a><\/p>\n","protected":false},"excerpt":{"rendered":"<p>Par Ramsis \u00a0| Il y a 2 heures \ud83d\udd0a \u00c9coutez l&rsquo;article Le refus de signer le projet de loi relatif \u00e0 la cour constitutionnelle par le pr\u00e9sident de la R\u00e9publique et surtout, la cause principale pour sur laquelle il s\u2019est repos\u00e9 pour rejeter cette proposition, a pris tout le monde de court et leur a [&hellip;]<\/p>\n","protected":false},"author":1789,"featured_media":0,"comment_status":"closed","ping_status":"closed","sticky":false,"template":"","format":"standard","meta":{"fifu_image_url":"https:\/\/secure.gravatar.com\/avatar\/9f10b5e5a102bf8cc0ebfb84f5ab5652?s=50&d=mm&r=g","fifu_image_alt":"Tunisie \u2013 Ils sont tous tomb\u00e9s dans le pi\u00e8ge inextricable de leur propre ignorance","footnotes":""},"categories":[73,55],"tags":[],"class_list":["post-114318","post","type-post","status-publish","format-standard","hentry","category-actualite","category-tunisie"],"_links":{"self":[{"href":"https:\/\/linitiative.ca\/International\/wp-json\/wp\/v2\/posts\/114318","targetHints":{"allow":["GET"]}}],"collection":[{"href":"https:\/\/linitiative.ca\/International\/wp-json\/wp\/v2\/posts"}],"about":[{"href":"https:\/\/linitiative.ca\/International\/wp-json\/wp\/v2\/types\/post"}],"author":[{"embeddable":true,"href":"https:\/\/linitiative.ca\/International\/wp-json\/wp\/v2\/users\/1789"}],"replies":[{"embeddable":true,"href":"https:\/\/linitiative.ca\/International\/wp-json\/wp\/v2\/comments?post=114318"}],"version-history":[{"count":0,"href":"https:\/\/linitiative.ca\/International\/wp-json\/wp\/v2\/posts\/114318\/revisions"}],"wp:attachment":[{"href":"https:\/\/linitiative.ca\/International\/wp-json\/wp\/v2\/media?parent=114318"}],"wp:term":[{"taxonomy":"category","embeddable":true,"href":"https:\/\/linitiative.ca\/International\/wp-json\/wp\/v2\/categories?post=114318"},{"taxonomy":"post_tag","embeddable":true,"href":"https:\/\/linitiative.ca\/International\/wp-json\/wp\/v2\/tags?post=114318"}],"curies":[{"name":"wp","href":"https:\/\/api.w.org\/{rel}","templated":true}]}}