{"id":114320,"date":"2021-04-04T16:41:01","date_gmt":"2021-04-04T20:41:01","guid":{"rendered":"https:\/\/linitiative.ca\/International\/tunisie-images-voila-pourquoi-nous-ne-viendrons-pas-a-bout-du-covid\/"},"modified":"2021-04-04T16:41:01","modified_gmt":"2021-04-04T20:41:01","slug":"tunisie-images-voila-pourquoi-nous-ne-viendrons-pas-a-bout-du-covid","status":"publish","type":"post","link":"https:\/\/linitiative.ca\/International\/tunisie-images-voila-pourquoi-nous-ne-viendrons-pas-a-bout-du-covid\/","title":{"rendered":"Tunisie \u2013 IMAGES\u00a0: Voil\u00e0 pourquoi nous ne viendrons pas \u00e0 bout du covid\u00a0!"},"content":{"rendered":"<div class=\"post-cont-in left relative\">\n<div id=\"post-info-wrap\" class=\"left relative post-info-out\">\n<div class=\"post-info-img left relative\"><img decoding=\"async\" alt=\"\" src=\"https:\/\/secure.gravatar.com\/avatar\/047123be9d5e8513774383916ee72db2?s=50&amp;d=mm&amp;r=g\" srcset=\"https:\/\/secure.gravatar.com\/avatar\/047123be9d5e8513774383916ee72db2?s=100&amp;d=mm&amp;r=g 2x\" class=\"avatar avatar-50 photo\" height=\"50\" width=\"50\" loading=\"lazy\"\/><\/div>\n<div class=\"post-info-in\">\n<div class=\"post-info-right left relative post-info-name left relative\"><span><span class=\"post-info-text\">Par<\/span> <span class=\"author-name vcard fn author\"><a href=\"https:\/\/www.tunisienumerique.com\/author\/lm\/\" title=\"Articles par LM\" rel=\"author\">LM<\/a><\/span><\/span> <span class=\"post-date updated\"><time class=\"post-date updated\" datetime=\"2021-04-04\">\u00a0| Il y a 8 secondes<\/time><\/span><br \/>\n<meta itemprop=\"dateModified\" content=\"2021-04-04\"\/><\/div>\n<div class=\"left relative\"><button id=\"listenButton1\" class=\"responsivevoice-button\" type=\"button\" value=\"Play\" title=\"\u00c9coutez l'article\"><span>\ud83d\udd0a \u00c9coutez l&rsquo;article<\/span><\/button>\n<\/div>\n<\/div>\n<\/div>\n<p>La Tunisie est condamn\u00e9e \u00e0 subir de plein fouet les affres de l\u2019\u00e9pid\u00e9mie du covid, sans rien pouvoir faire pour le contrer. Car ce n\u2019est pas avec des slogans et des \u00e9crits, qu\u2019on gagne de telles guerres. Tant que les discours ne sont pas suivis d\u2019actions et tant que les d\u00e9cision ne sont jamais mises en application, tant que les interdictions ne sont jamais contr\u00f4l\u00e9es\u2026 On sera r\u00e9duits \u00e0 subir en toute impuissance, les d\u00e9g\u00e2ts de la maladie, en croisant les doigts et en priants les saints hommes du pays, puisqu\u2019il parait qu\u2019ils font des miracles.<\/p>\n<div class=\"code-block code-block-1 c4\">\n <ins class=\"adsbygoogle c3\" data-ad-layout=\"in-article\" data-ad-format=\"fluid\" data-ad-client=\"ca-pub-2102118777505746\" data-ad-slot=\"7301775417\"\/>\n<\/div>\n<p>Les autorit\u00e9s, en Tunisie, ne font, depuis, voil\u00e0 un an, qu\u2019annoncer des mesures d\u2019interdictions et des d\u00e9cisions assez douloureuses, qui ne le sont que pour ceux qui respectent la loi. Ce qui n\u2019est, malheureusement, pas le cas de tout le monde.<\/p>\n<p>Et tant qu\u2019il y a des gens qui bravent les interdits, jamais ces mesures ne sauraient avoir les effets esp\u00e9r\u00e9s.<\/p>\n<p>Tant que les partis organisent des sit-ins avec des milliers de personnes, et tant qu\u2019il y a des f\u00eatards trop puissants pour \u00eatre r\u00e9prim\u00e9s, qui font la f\u00eate nuit et jours, au nez et \u00e0 la barbe des autorit\u00e9s, il ne faudrait pas s\u2019attendre \u00e0 des miracles.<a href=\"https:\/\/www.tunisienumerique.com\/tunisie-images-voila-pourquoi-nous-ne-viendrons-pas-a-bout-du-covid\/fete-2-2\/\" rel=\"attachment wp-att-646978\"><img decoding=\"async\" loading=\"lazy\" class=\"aligncenter size-full wp-image-646978\" src=\"https:\/\/www.tunisienumerique.com\/wp-content\/uploads\/2021\/04\/fete-2.jpg\" alt=\"\" width=\"508\" height=\"800\"\/><\/a><\/p>\n<div class=\"swp_social_panel swp_horizontal_panel swp_flat_fresh swp_default_full_color swp_individual_full_color swp_other_full_color scale-100 scale-\" data-min-width=\"1100\" data-float-color=\"#ffffff\" data-float=\"bottom\" data-float-mobile=\"bottom\" data-transition=\"slide\">\n<div class=\"nc_tweetContainer swp_share_button total_shares total_sharesalt\"><span class=\"swp_count\">0 <span class=\"swp_label\">Partages<\/span><\/span><\/div>\n<\/div>\n<p><strong>Que se passe-t-il en Tunisie?<\/strong><br \/>Nous expliquons sur notre <a href=\"https:\/\/www.youtube.com\/channel\/UCRzypVq0B_yBad5eGrwBx0Q?sub_confirmation=1\" target=\"_blank\" rel=\"noopener\">cha\u00eene YouTube<\/a> . <a href=\"https:\/\/www.youtube.com\/channel\/UCRzypVq0B_yBad5eGrwBx0Q?sub_confirmation=1\" target=\"_blank\" rel=\"noopener\">Abonnez-vous!<\/a><\/p>\n<div class=\"mvp-org-wrap\" itemprop=\"publisher\">\n<div class=\"mvp-org-logo\" itemprop=\"logo\"><img decoding=\"async\" src=\"https:\/\/www.tunisienumerique.com\/wp-content\/uploads\/2017\/02\/logo_tunisie_numerique.png\"\/><br \/>\n<meta itemprop=\"url\" content=\"https:\/\/www.tunisienumerique.com\/wp-content\/uploads\/2017\/02\/logo_tunisie_numerique.png\"\/><\/div>\n<p><meta content=\"Tunisie\"\/><\/div>\n<div class=\"mvp-related-posts left relative\">\n<h4 class=\"post-header\"><span class=\"post-header\">Lire aussi<\/span><\/h4>\n<\/div>\n<div id=\"article-ad\">\n <ins class=\"adsbygoogle c5\" data-ad-client=\"ca-pub-2102118777505746\" data-ad-slot=\"6513972734\" data-ad-format=\"auto\" data-full-width-responsive=\"true\"\/>\n<\/div>\n<\/div>\n<div id=\"post-sidebar-wrap\">\n <ins class=\"adsbygoogle c5\" data-ad-client=\"ca-pub-2102118777505746\" data-ad-slot=\"6168283410\" data-ad-format=\"auto\" data-full-width-responsive=\"true\"\/>\n<\/div>\n<p>Auteur: LM<br \/>\n<a href=\"https:\/\/www.tunisienumerique.com\/tunisie-images-voila-pourquoi-nous-ne-viendrons-pas-a-bout-du-covid\/\">Cliquez ici pour lire l&rsquo;article depuis sa source.<\/a><\/p>\n","protected":false},"excerpt":{"rendered":"<p>Par LM \u00a0| Il y a 8 secondes \ud83d\udd0a \u00c9coutez l&rsquo;article La Tunisie est condamn\u00e9e \u00e0 subir de plein fouet les affres de l\u2019\u00e9pid\u00e9mie du covid, sans rien pouvoir faire pour le contrer. Car ce n\u2019est pas avec des slogans et des \u00e9crits, qu\u2019on gagne de telles guerres. Tant que les discours ne sont pas [&hellip;]<\/p>\n","protected":false},"author":1789,"featured_media":0,"comment_status":"closed","ping_status":"closed","sticky":false,"template":"","format":"standard","meta":{"fifu_image_url":"https:\/\/secure.gravatar.com\/avatar\/047123be9d5e8513774383916ee72db2?s=50&d=mm&r=g","fifu_image_alt":"Tunisie \u2013 IMAGES\u00a0: Voil\u00e0 pourquoi nous ne viendrons pas \u00e0 bout du covid\u00a0!","footnotes":""},"categories":[73,55],"tags":[],"class_list":["post-114320","post","type-post","status-publish","format-standard","hentry","category-actualite","category-tunisie"],"_links":{"self":[{"href":"https:\/\/linitiative.ca\/International\/wp-json\/wp\/v2\/posts\/114320","targetHints":{"allow":["GET"]}}],"collection":[{"href":"https:\/\/linitiative.ca\/International\/wp-json\/wp\/v2\/posts"}],"about":[{"href":"https:\/\/linitiative.ca\/International\/wp-json\/wp\/v2\/types\/post"}],"author":[{"embeddable":true,"href":"https:\/\/linitiative.ca\/International\/wp-json\/wp\/v2\/users\/1789"}],"replies":[{"embeddable":true,"href":"https:\/\/linitiative.ca\/International\/wp-json\/wp\/v2\/comments?post=114320"}],"version-history":[{"count":0,"href":"https:\/\/linitiative.ca\/International\/wp-json\/wp\/v2\/posts\/114320\/revisions"}],"wp:attachment":[{"href":"https:\/\/linitiative.ca\/International\/wp-json\/wp\/v2\/media?parent=114320"}],"wp:term":[{"taxonomy":"category","embeddable":true,"href":"https:\/\/linitiative.ca\/International\/wp-json\/wp\/v2\/categories?post=114320"},{"taxonomy":"post_tag","embeddable":true,"href":"https:\/\/linitiative.ca\/International\/wp-json\/wp\/v2\/tags?post=114320"}],"curies":[{"name":"wp","href":"https:\/\/api.w.org\/{rel}","templated":true}]}}