{"id":114322,"date":"2021-04-04T05:13:42","date_gmt":"2021-04-04T09:13:42","guid":{"rendered":"https:\/\/linitiative.ca\/International\/discours-du-pesident-senegalais\/"},"modified":"2021-04-04T05:13:42","modified_gmt":"2021-04-04T09:13:42","slug":"discours-du-pesident-senegalais","status":"publish","type":"post","link":"https:\/\/linitiative.ca\/International\/discours-du-pesident-senegalais\/","title":{"rendered":"DISCOURS DU PESIDENT SENEGALAIS"},"content":{"rendered":"<div class=\"featured-area featured-area-inner\">\n<figure class=\"single-featured-image\"><img decoding=\"async\" width=\"699\" height=\"442\" src=\"https:\/\/lepays.bf\/wp-content\/uploads\/2021\/04\/SALL.jpg\" class=\"attachment-jannah-image-post size-jannah-image-post wp-post-image\" alt=\"\" loading=\"lazy\" srcset=\"https:\/\/lepays.bf\/wp-content\/uploads\/2021\/04\/SALL.jpg 699w, https:\/\/lepays.bf\/wp-content\/uploads\/2021\/04\/SALL-300x190.jpg 300w\" sizes=\"auto, (max-width: 699px) 100vw, 699px\"\/><\/figure>\n<\/div>\n<div class=\"entry-content entry clearfix\" readability=\"59\">\n<p class=\"c4\"><em>A l\u2019occasion du 61<sup>e<\/sup> anniversaire de l\u2019accession du S\u00e9n\u00e9gal \u00e0 la souverainet\u00e9 nationale et internationale, le chef de l\u2019Etat Macky Sall a prononc\u00e9 un discours aux relents tr\u00e8s politiques. En effet, s\u2019inspirant des manifestations violentes et meurtri\u00e8res qu\u2019a connues son pays, il y a de cela un mois suite aux d\u00e9boires judiciaires de l\u2019opposant Ousmane Sonko, le pr\u00e9sident s\u00e9n\u00e9galais s\u2019est pos\u00e9 en rassembleur, appelant ainsi \u00e0 un dialogue\u00a0 avec l\u2019opposition dans \u00ab\u00a0 un pays o\u00f9 il n\u2019 y a pas de place pour le particularisme\u00a0\u00bb.Certes, covid-19 oblige, toutes les manifestations publiques ont \u00e9t\u00e9 annul\u00e9es mais le discours de Macky Sall ne manquera pas de retenir l\u2019attention des uns et des autres en ce sens qu\u2019il ressemble plus \u00e0 un appel du pied fait \u00e0 la jeunesse s\u00e9n\u00e9galaise qui, profitant de l\u2019affaire Sonko, n\u2019avait pas h\u00e9sit\u00e9 \u00e0 monter au cr\u00e9neau pour d\u00e9noncer les errements de ses dirigeants qui roulent carrosse pendant qu\u2019elle v\u00e9g\u00e8te dans le ch\u00f4mage et la mis\u00e8re. En disant \u00eatre d\u00e9sormais \u00e0 \u00a0\u00ab\u00a0l\u2019\u00e9coute des pulsions profondes du pays\u00a0\u00bb, Macky Sall semble avoir compris la mesure du p\u00e9ril qui guette son r\u00e9gime surtout que l\u2019opposition l\u2019accuse d\u2019\u00eatre rest\u00e9 sourd face aux demandes fortes et primordiales du peuple s\u00e9n\u00e9galais. Morceaux choisis\u00a0:\u00a0\u00ab\u00a0La lutte contre le ch\u00f4mage des jeunes n\u00e9cessite un nouvel \u00e9lan. J\u2019ai d\u00e9cid\u00e9 d\u2019une r\u00e9orientation des allocations budg\u00e9taires, \u00e0 hauteur de 450 milliards de francs CFA au moins, sur trois ans, dont 150 milliards pour cette ann\u00e9e. Ces ressources serviront \u00e0 financer le programme d\u2019urgence pour l\u2019emploi et l\u2019insertion socio-\u00e9conomique des jeunes ; un guichet unique sera install\u00e9 dans chacun de nos 45 d\u00e9partements. D\u00e9nomm\u00e9 P\u00f4le emploi et entrepreneuriat pour les jeunes et les femmes, ce guichet servira de cadre d\u2019accueil, de conseil et de financement des porteurs de projets. J\u2019ai d\u00e9cid\u00e9 d\u2019allouer d\u00e8s le mois de mai, 80 milliards de francs CFA au recrutement de 65 000 jeunes\u00a0\u00bb. C\u2019est donc clair. Conscient qu\u2019une jeunesse d\u00e9s\u0153uvr\u00e9e et d\u00e9sabus\u00e9e est capable de tout, Macky Sall a d\u00e9cid\u00e9 de faire dans la pr\u00e9vention au risque de se faire emporter comme Ben Ali de la Tunisie ou encore Omar el-B\u00e9chir du Soudan, pour ne citer que ces deux exemples. Et c\u2019est tant mieux s\u2019il a compris le message pendant qu\u2019il est temps. Car \u00e0 l\u2019allure o\u00f9\u00a0 allaient les choses, plus tard pourrait se r\u00e9v\u00e9ler trop tard. Mais une chose est de prendre des engagements, une autre est travailler \u00e0 les respecter. Car tr\u00e8s souvent, les hommes politiques sont ainsi faits que quand ils sont \u00e0 l\u2019\u00e9troit, ils font profil bas en faisant des concessions, et une fois que l\u2019\u00e9tau se desserre autour d\u2019eux, ils tournent casaque pour montrer un autre visage. C\u2019est pourquoi la jeunesse s\u00e9n\u00e9galaise doit\u00a0 rester vigilante pour autant qu\u2019elle ne veuille pas se laisser prendre au pi\u00e8ge de ses dirigeants.<\/em><\/p>\n<p class=\"c6\"><strong><em>B.O<\/em><\/strong><\/p>\n<\/div>\n<p>Auteur: Editions LEPAYS<br \/>\n<a href=\"https:\/\/lepays.bf\/discours-du-pesident-senegalais\/\">Cliquez ici pour lire l&rsquo;article depuis sa source.<\/a><\/p>\n","protected":false},"excerpt":{"rendered":"<p>A l\u2019occasion du 61e anniversaire de l\u2019accession du S\u00e9n\u00e9gal \u00e0 la souverainet\u00e9 nationale et internationale, le chef de l\u2019Etat Macky Sall a prononc\u00e9 un discours aux relents tr\u00e8s politiques. En effet, s\u2019inspirant des manifestations violentes et meurtri\u00e8res qu\u2019a connues son pays, il y a de cela un mois suite aux d\u00e9boires judiciaires de l\u2019opposant Ousmane [&hellip;]<\/p>\n","protected":false},"author":1813,"featured_media":0,"comment_status":"closed","ping_status":"closed","sticky":false,"template":"","format":"standard","meta":{"fifu_image_url":"https:\/\/lepays.bf\/wp-content\/uploads\/2021\/04\/SALL.jpg","fifu_image_alt":"DISCOURS DU PESIDENT SENEGALAIS","footnotes":""},"categories":[73,81],"tags":[],"class_list":["post-114322","post","type-post","status-publish","format-standard","hentry","category-actualite","category-burkina-faso"],"_links":{"self":[{"href":"https:\/\/linitiative.ca\/International\/wp-json\/wp\/v2\/posts\/114322","targetHints":{"allow":["GET"]}}],"collection":[{"href":"https:\/\/linitiative.ca\/International\/wp-json\/wp\/v2\/posts"}],"about":[{"href":"https:\/\/linitiative.ca\/International\/wp-json\/wp\/v2\/types\/post"}],"author":[{"embeddable":true,"href":"https:\/\/linitiative.ca\/International\/wp-json\/wp\/v2\/users\/1813"}],"replies":[{"embeddable":true,"href":"https:\/\/linitiative.ca\/International\/wp-json\/wp\/v2\/comments?post=114322"}],"version-history":[{"count":0,"href":"https:\/\/linitiative.ca\/International\/wp-json\/wp\/v2\/posts\/114322\/revisions"}],"wp:attachment":[{"href":"https:\/\/linitiative.ca\/International\/wp-json\/wp\/v2\/media?parent=114322"}],"wp:term":[{"taxonomy":"category","embeddable":true,"href":"https:\/\/linitiative.ca\/International\/wp-json\/wp\/v2\/categories?post=114322"},{"taxonomy":"post_tag","embeddable":true,"href":"https:\/\/linitiative.ca\/International\/wp-json\/wp\/v2\/tags?post=114322"}],"curies":[{"name":"wp","href":"https:\/\/api.w.org\/{rel}","templated":true}]}}