{"id":114323,"date":"2021-04-03T18:18:02","date_gmt":"2021-04-03T22:18:02","guid":{"rendered":"https:\/\/linitiative.ca\/International\/cote-divoire-inauguration-dun-orphelinat-musulman-a-abobo\/"},"modified":"2021-04-03T18:18:02","modified_gmt":"2021-04-03T22:18:02","slug":"cote-divoire-inauguration-dun-orphelinat-musulman-a-abobo","status":"publish","type":"post","link":"https:\/\/linitiative.ca\/International\/cote-divoire-inauguration-dun-orphelinat-musulman-a-abobo\/","title":{"rendered":"C\u00f4te d\u2019Ivoire: inauguration d\u2019un orphelinat musulman \u00e0 Abobo"},"content":{"rendered":"<div readability=\"32\">\n<p>Publi\u00e9 le 03.04.2021 \u00e0 23h18 par APA News<\/p>\n<\/div>\n<div readability=\"114\">\n<p>L\u2019ONG Actions Ramadan, une organisation regroupant des internautes musulmans, a inaugur\u00e9 samedi \u00e0 Bocabo, un sous-quartier de la commune populaire d\u2019Abobo au nord d\u2019Abidjan, l\u2019orphelinat Khalid Ibn Walid, un centre dont la reconstruction a co\u00fbt\u00e9 pr\u00e8s de 78 millions FCFA avec une capacit\u00e9 d\u2019accueil d\u2019environ 100 enfants.<\/p>\n<p>Selon Mariam Dosso, la pr\u00e9sidente de l\u2019ONG Actions Ramadan, le projet de reconstruction de cet orphelinat qui \u00e9tait tr\u00e8s d\u00e9labr\u00e9 par le pass\u00e9, a \u00e9t\u00e9 r\u00e9alis\u00e9e gr\u00e2ce \u00e0 une collecte de fonds de donateurs musulmans et non musulmans.<\/p>\n<p>Au nombre des donateurs pour la r\u00e9alisation de ce projet, figure la Fondation de la Soci\u00e9t\u00e9 nationale d\u2019op\u00e9rations p\u00e9troli\u00e8res de C\u00f4te d\u2019Ivoire (PETROCI.<\/p>\n<p>Dans son allocution, le directeur g\u00e9n\u00e9ral de PETROCI, Ibrahim Diaby a salu\u00e9 ce projet de l\u2019ONG Actions Ramadan, soulignant que son entreprise ainsi que sa Fondation restent disponibles pour accompagner dans la mesure du possible des actions humanitaires, caritatives et de solidarit\u00e9.<\/p>\n<p>\u00a0\u00ab \u00c7a n\u2019a pas \u00e9t\u00e9 facile, mais nous y sommes arriv\u00e9s avec l\u2019apport de tous\u00bb, a rench\u00e9ri A\u00efssata Camara qui a coordonn\u00e9 ce projet de reconstruction.<\/p>\n<p>\u00ab Tous ici pr\u00e9sents ou absents par vos pri\u00e8res, vos conseils, votre accompagnement financiers et mat\u00e9riels, avez permis de \u00a0r\u00e9aliser un projet de toute une vie. Je dis un projet de toute une vie parce que nous allons donner vie \u00e0 des vies qui \u00e9taient meurtries et d\u00e9sempar\u00e9es \u00bb, a expliqu\u00e9 Mme Camara dans son allocution.<\/p>\n<p>\u00a0Les travaux de cette premi\u00e8re phase du projet ont dur\u00e9 22 mois. \u00ab Nous n\u2019avons pas les mots pour exprimer notre gratitude\u00bb, a dit en retour, Zana Ouattara, le secr\u00e9taire g\u00e9n\u00e9ral de l\u2019orphelinat Khalid Ibn Walid.<\/p>\n<p>Auparavant, il a fait savoir que cet orphelinat qui a \u00e9t\u00e9 cr\u00e9\u00e9 depuis 2009 par l\u2019ONG Khalid Ibn Walid, compte \u00e0 ce jour 158 pensionnaires dont 78 gar\u00e7ons, 55 filles et 25 veuves.<\/p>\n<p>\u00a0\u00ab Ce centre a pour but la prise en charge int\u00e9grale des orphelins et l\u2019assistance aux personnes en situation d\u00e9favorable pour cr\u00e9er une cha\u00eene de solidarit\u00e9 \u00bb, a indiqu\u00e9 M. Ouattara soulignant que \u00abnos ressources proviennent essentiellement des dons des personnes de bonnes volont\u00e9s\u00bb.<\/p>\n<p>\u00a0L\u2019orphelinat Khalid Ibn Walid qui accueille aussi bien des orphelins que des veuves, a \u00e9t\u00e9 \u00a0reconstruit en un b\u00e2timent de trois \u00e9tages avec 4 salles de classe, 6 dortoirs, un bureau et un r\u00e9fectoire.<\/p>\n<p>La deuxi\u00e8me phase de ce projet pr\u00e9voit la construction de huit dortoirs et d\u2019une salle de conf\u00e9rence pour une soixantaine de veuves, d\u2019un montant d\u2019environ 44 millions de FCFA.<\/p>\n<p>A ce propos, la coordinatrice du projet, A\u00efssata Camara a dit \u00ab compter sur Dieu mais aussi sur vous parce que vous savez taire les pleurs des orphelins et des veuves en faisant parler votre c\u0153ur \u00bb.<\/p>\n<p>\u00ab La meilleure des maisons parmi celles des musulmans est la maison dans laquelle les orphelins sont bien trait\u00e9s. La pire est celle o\u00f9 les orphelins sont mal trait\u00e9s \u00bb, a-t-elle conclu en citant le Proph\u00e8te de l\u2019Islam, Mohamed (Paix et Salut d\u2019Allah Sur Lui).<\/p>\n<\/div>\n<p>Auteur: APA News<br \/>\n<a href=\"https:\/\/www.journalducameroun.com\/cote-divoire-inauguration-dun-orphelinat-musulman-a-abobo\/\">Cliquez ici pour lire l&rsquo;article depuis sa source.<\/a><\/p>\n","protected":false},"excerpt":{"rendered":"<p>Publi\u00e9 le 03.04.2021 \u00e0 23h18 par APA News L\u2019ONG Actions Ramadan, une organisation regroupant des internautes musulmans, a inaugur\u00e9 samedi \u00e0 Bocabo, un sous-quartier de la commune populaire d\u2019Abobo au nord d\u2019Abidjan, l\u2019orphelinat Khalid Ibn Walid, un centre dont la reconstruction a co\u00fbt\u00e9 pr\u00e8s de 78 millions FCFA avec une capacit\u00e9 d\u2019accueil d\u2019environ 100 enfants. [&hellip;]<\/p>\n","protected":false},"author":1965,"featured_media":0,"comment_status":"closed","ping_status":"closed","sticky":false,"template":"","format":"standard","meta":{"fifu_image_url":"","fifu_image_alt":"","footnotes":""},"categories":[73,82],"tags":[],"class_list":["post-114323","post","type-post","status-publish","format-standard","hentry","category-actualite","category-cameroun"],"_links":{"self":[{"href":"https:\/\/linitiative.ca\/International\/wp-json\/wp\/v2\/posts\/114323","targetHints":{"allow":["GET"]}}],"collection":[{"href":"https:\/\/linitiative.ca\/International\/wp-json\/wp\/v2\/posts"}],"about":[{"href":"https:\/\/linitiative.ca\/International\/wp-json\/wp\/v2\/types\/post"}],"author":[{"embeddable":true,"href":"https:\/\/linitiative.ca\/International\/wp-json\/wp\/v2\/users\/1965"}],"replies":[{"embeddable":true,"href":"https:\/\/linitiative.ca\/International\/wp-json\/wp\/v2\/comments?post=114323"}],"version-history":[{"count":0,"href":"https:\/\/linitiative.ca\/International\/wp-json\/wp\/v2\/posts\/114323\/revisions"}],"wp:attachment":[{"href":"https:\/\/linitiative.ca\/International\/wp-json\/wp\/v2\/media?parent=114323"}],"wp:term":[{"taxonomy":"category","embeddable":true,"href":"https:\/\/linitiative.ca\/International\/wp-json\/wp\/v2\/categories?post=114323"},{"taxonomy":"post_tag","embeddable":true,"href":"https:\/\/linitiative.ca\/International\/wp-json\/wp\/v2\/tags?post=114323"}],"curies":[{"name":"wp","href":"https:\/\/api.w.org\/{rel}","templated":true}]}}