{"id":114325,"date":"2021-04-04T01:18:02","date_gmt":"2021-04-04T05:18:02","guid":{"rendered":"https:\/\/linitiative.ca\/International\/senegal-vers-la-creation-de-65-000-emplois\/"},"modified":"2021-04-04T01:18:02","modified_gmt":"2021-04-04T05:18:02","slug":"senegal-vers-la-creation-de-65-000-emplois","status":"publish","type":"post","link":"https:\/\/linitiative.ca\/International\/senegal-vers-la-creation-de-65-000-emplois\/","title":{"rendered":"S\u00e9n\u00e9gal: vers la cr\u00e9ation de 65.000 emplois"},"content":{"rendered":"<div readability=\"32\">\n<p>Publi\u00e9 le 04.04.2021 \u00e0 06h18 par APA News<\/p>\n<\/div>\n<div readability=\"63\">\n<p>Le chef de l\u2019\u00c9tat s\u00e9n\u00e9galais, Macky Sall, a annonc\u00e9 samedi soir \u00e0 Dakar, le recrutement de 65.000 jeunes dans divers domaines d\u2019activit\u00e9s.Ce recrutement co\u00fbtera \u00e0 l\u2019\u00c9tat 80 milliards f cfa qui seront disponibles en mai prochain, a pr\u00e9cis\u00e9 le pr\u00e9sident Macky Sall lors de son discours \u00e0 la nation \u00e0 la veille de la c\u00e9l\u00e9bration du 61e anniversaire de l\u2019ind\u00e9pendance du S\u00e9n\u00e9gal.<\/p>\n<p>\u00ab\u00a0Dans l\u2019imm\u00e9diat, en soutien \u00e0 l\u2019emploi et aux m\u00e9nages, j\u2019ai d\u00e9cid\u00e9 d\u2019allouer, d\u00e8s le mois de mai, 80 milliards de FCFA au recrutement de 65 000 jeunes, sur l\u2019ensemble du territoire national, dans les activit\u00e9s d\u2019\u00e9ducation, de reforestation, de reboisement, d\u2019hygi\u00e8ne publique, de s\u00e9curit\u00e9, d\u2019entretien routier et de pavage des villes, entre autres\u00a0\u00bb, a-t-il indiqu\u00e9.Le pr\u00e9sident a fait \u00e9tat d\u2019un quota sp\u00e9cial pour recruter 5000 enseignants pour le pr\u00e9scolaire, le primaire, le moyen et le secondaire et les +daaras+ modernes et l\u2019enseignement arabe.<br \/>\u00a0<br \/>\u00ab\u00a0Par souci d\u2019\u00e9quit\u00e9 territoriale et de simplification des proc\u00e9dures, un guichet unique sera install\u00e9 dans chacun de nos 45 D\u00e9partements. D\u00e9nomm\u00e9 P\u00f4le-Emploi et Entreprenariat pour les Jeunes et les Femmes, ce guichet servira de cadre d\u2019accueil, de conseil et de financement des porteurs de projets\u00a0\u00bb, a poursuivi Macky Sall.<\/p>\n<\/div>\n<p>Auteur: APA News<br \/>\n<a href=\"https:\/\/www.journalducameroun.com\/senegal-vers-la-creation-de-65-000-emplois\/\">Cliquez ici pour lire l&rsquo;article depuis sa source.<\/a><\/p>\n","protected":false},"excerpt":{"rendered":"<p>Publi\u00e9 le 04.04.2021 \u00e0 06h18 par APA News Le chef de l\u2019\u00c9tat s\u00e9n\u00e9galais, Macky Sall, a annonc\u00e9 samedi soir \u00e0 Dakar, le recrutement de 65.000 jeunes dans divers domaines d\u2019activit\u00e9s.Ce recrutement co\u00fbtera \u00e0 l\u2019\u00c9tat 80 milliards f cfa qui seront disponibles en mai prochain, a pr\u00e9cis\u00e9 le pr\u00e9sident Macky Sall lors de son discours \u00e0 [&hellip;]<\/p>\n","protected":false},"author":1965,"featured_media":0,"comment_status":"closed","ping_status":"closed","sticky":false,"template":"","format":"standard","meta":{"fifu_image_url":"","fifu_image_alt":"","footnotes":""},"categories":[73,82],"tags":[],"class_list":["post-114325","post","type-post","status-publish","format-standard","hentry","category-actualite","category-cameroun"],"_links":{"self":[{"href":"https:\/\/linitiative.ca\/International\/wp-json\/wp\/v2\/posts\/114325","targetHints":{"allow":["GET"]}}],"collection":[{"href":"https:\/\/linitiative.ca\/International\/wp-json\/wp\/v2\/posts"}],"about":[{"href":"https:\/\/linitiative.ca\/International\/wp-json\/wp\/v2\/types\/post"}],"author":[{"embeddable":true,"href":"https:\/\/linitiative.ca\/International\/wp-json\/wp\/v2\/users\/1965"}],"replies":[{"embeddable":true,"href":"https:\/\/linitiative.ca\/International\/wp-json\/wp\/v2\/comments?post=114325"}],"version-history":[{"count":0,"href":"https:\/\/linitiative.ca\/International\/wp-json\/wp\/v2\/posts\/114325\/revisions"}],"wp:attachment":[{"href":"https:\/\/linitiative.ca\/International\/wp-json\/wp\/v2\/media?parent=114325"}],"wp:term":[{"taxonomy":"category","embeddable":true,"href":"https:\/\/linitiative.ca\/International\/wp-json\/wp\/v2\/categories?post=114325"},{"taxonomy":"post_tag","embeddable":true,"href":"https:\/\/linitiative.ca\/International\/wp-json\/wp\/v2\/tags?post=114325"}],"curies":[{"name":"wp","href":"https:\/\/api.w.org\/{rel}","templated":true}]}}