{"id":114326,"date":"2021-04-04T15:18:02","date_gmt":"2021-04-04T19:18:02","guid":{"rendered":"https:\/\/linitiative.ca\/International\/maroc-le-roi-mohammed-vi-exprime-sa-solidarite-entiere-avec-la-jordanie\/"},"modified":"2021-04-04T15:18:02","modified_gmt":"2021-04-04T19:18:02","slug":"maroc-le-roi-mohammed-vi-exprime-sa-solidarite-entiere-avec-la-jordanie","status":"publish","type":"post","link":"https:\/\/linitiative.ca\/International\/maroc-le-roi-mohammed-vi-exprime-sa-solidarite-entiere-avec-la-jordanie\/","title":{"rendered":"Maroc : Le Roi Mohammed VI exprime sa solidarit\u00e9 enti\u00e8re avec la Jordanie"},"content":{"rendered":"<div readability=\"32\">\n<p>Publi\u00e9 le 04.04.2021 \u00e0 20h18 par APA News<\/p>\n<\/div>\n<div readability=\"70\">\n<p>Le Roi Mohammed VI a eu dimanche t\u00f4t le matin un entretien t\u00e9l\u00e9phonique avec le Roi Abdallah II Ibn Al Hussein, Souverain du Royaume Hach\u00e9mite de Jordanie, annonce dimanche un communiqu\u00e9 du Cabinet royal.Cet entretien t\u00e9l\u00e9phonique a \u00e9t\u00e9 l\u2019occasion de rassurer sa majest\u00e9 le Roi de la situation sur la base des donn\u00e9es que le Souverain jordanien a partag\u00e9es avec lui, souligne la m\u00eame source.<\/p>\n<p>A cette occasion, le Souverain a r\u00e9it\u00e9r\u00e9 \u00ab sa solidarit\u00e9 enti\u00e8re et naturelle avec la Jordanie \u00bb et son soutien total \u00e0 toutes les d\u00e9cisions prises par le Roi Abdallah II pour \u00ab consolider la s\u00e9curit\u00e9 et la stabilit\u00e9 \u00bb, ajoute-t-on.<\/p>\n<p>Les autorit\u00e9s jordaniennes ont proc\u00e9d\u00e9 \u00e0 une vague d\u2019arrestations pour \u00ab raisons de s\u00e9curit\u00e9 \u00bb, notamment de proches de la famille royale, accus\u00e9s de porter atteinte \u00e0 la s\u00e9curit\u00e9 du pays.<\/p>\n<p>L\u2019ancien prince h\u00e9ritier et demi-fr\u00e8re du roi Abdallah II de Jordanie a annonc\u00e9 samedi avoir \u00e9t\u00e9 \u00ab assign\u00e9 \u00e0 r\u00e9sidence \u00bb dans son palais d\u2019Amman, apr\u00e8s avoir \u00e9t\u00e9 accus\u00e9 par l\u2019arm\u00e9e d\u2019activit\u00e9s contre \u00ab la s\u00e9curit\u00e9 du royaume \u00bb.<\/p>\n<p>Dans un communiqu\u00e9, le chef d\u2019\u00e9tat-major jordanien, le g\u00e9n\u00e9ral Youssef Huneiti, avait pr\u00e9cis\u00e9 que le prince Hamza avait \u00e9t\u00e9 \u00ab appel\u00e9 \u00e0 arr\u00eater des activit\u00e9s qui pourraient \u00eatre utilis\u00e9es pour porter atteinte \u00e0 la stabilit\u00e9 et la s\u00e9curit\u00e9 du royaume \u00bb, mais avait d\u00e9menti son arrestation.<\/p>\n<p>L\u2019agence de presse jordanienne \u00ab Petra \u00bb a indiqu\u00e9 que les autorit\u00e9s avaient arr\u00eat\u00e9 un ancien conseiller du roi, Bassem Awadallah, et un nombre ind\u00e9termin\u00e9 d\u2019autres personnes pour \u00ab des raisons de s\u00e9curit\u00e9 \u00bb.<\/p>\n<\/div>\n<p>Auteur: APA News<br \/>\n<a href=\"https:\/\/www.journalducameroun.com\/maroc-le-roi-mohammed-vi-exprime-sa-solidarite-entiere-avec-la-jordanie\/\">Cliquez ici pour lire l&rsquo;article depuis sa source.<\/a><\/p>\n","protected":false},"excerpt":{"rendered":"<p>Publi\u00e9 le 04.04.2021 \u00e0 20h18 par APA News Le Roi Mohammed VI a eu dimanche t\u00f4t le matin un entretien t\u00e9l\u00e9phonique avec le Roi Abdallah II Ibn Al Hussein, Souverain du Royaume Hach\u00e9mite de Jordanie, annonce dimanche un communiqu\u00e9 du Cabinet royal.Cet entretien t\u00e9l\u00e9phonique a \u00e9t\u00e9 l\u2019occasion de rassurer sa majest\u00e9 le Roi de la [&hellip;]<\/p>\n","protected":false},"author":1965,"featured_media":0,"comment_status":"closed","ping_status":"closed","sticky":false,"template":"","format":"standard","meta":{"fifu_image_url":"","fifu_image_alt":"","footnotes":""},"categories":[73,82],"tags":[],"class_list":["post-114326","post","type-post","status-publish","format-standard","hentry","category-actualite","category-cameroun"],"_links":{"self":[{"href":"https:\/\/linitiative.ca\/International\/wp-json\/wp\/v2\/posts\/114326","targetHints":{"allow":["GET"]}}],"collection":[{"href":"https:\/\/linitiative.ca\/International\/wp-json\/wp\/v2\/posts"}],"about":[{"href":"https:\/\/linitiative.ca\/International\/wp-json\/wp\/v2\/types\/post"}],"author":[{"embeddable":true,"href":"https:\/\/linitiative.ca\/International\/wp-json\/wp\/v2\/users\/1965"}],"replies":[{"embeddable":true,"href":"https:\/\/linitiative.ca\/International\/wp-json\/wp\/v2\/comments?post=114326"}],"version-history":[{"count":0,"href":"https:\/\/linitiative.ca\/International\/wp-json\/wp\/v2\/posts\/114326\/revisions"}],"wp:attachment":[{"href":"https:\/\/linitiative.ca\/International\/wp-json\/wp\/v2\/media?parent=114326"}],"wp:term":[{"taxonomy":"category","embeddable":true,"href":"https:\/\/linitiative.ca\/International\/wp-json\/wp\/v2\/categories?post=114326"},{"taxonomy":"post_tag","embeddable":true,"href":"https:\/\/linitiative.ca\/International\/wp-json\/wp\/v2\/tags?post=114326"}],"curies":[{"name":"wp","href":"https:\/\/api.w.org\/{rel}","templated":true}]}}