{"id":114332,"date":"2021-04-05T08:00:22","date_gmt":"2021-04-05T12:00:22","guid":{"rendered":"https:\/\/linitiative.ca\/International\/crise-sanitaire-les-territoires-en-quete-dattractivite\/"},"modified":"2021-04-05T08:00:22","modified_gmt":"2021-04-05T12:00:22","slug":"crise-sanitaire-les-territoires-en-quete-dattractivite","status":"publish","type":"post","link":"https:\/\/linitiative.ca\/International\/crise-sanitaire-les-territoires-en-quete-dattractivite\/","title":{"rendered":"Crise sanitaire : Les territoires en qu\u00eate d\u2019attractivit\u00e9"},"content":{"rendered":"<header>\n<\/header>\n<div class=\"entry-content clearfix\" readability=\"61\">\n<figure class=\"post-thumbnail\" itemprop=\"associatedMedia\" itemscope=\"itemscope\" itemtype=\"http:\/\/schema.org\/ImageObject\"><img decoding=\"async\" class=\"post_layout_5_img\" src=\"http:\/\/aujourdhui.ma\/wp-content\/uploads\/2021\/04\/territoires-en-quete-dattractivite.jpg\" alt=\"Crise sanitaire : Les territoires en qu\u00eate d\u2019attractivit\u00e9\"\/><\/figure>\n<p><span class=\"c5\"><strong>La n\u00e9cessit\u00e9 d\u2019une bonne gestion territoriale et la coordination entre les diff\u00e9rents acteurs locaux se veulent l\u2019une des priorit\u00e9s \u00e0 atteindre en ce temps de relance.<\/strong><\/span><span id=\"more-372952\"\/><\/p>\n<p>La crise sanitaire a certes d\u00e9voil\u00e9 d\u2019importantes disparit\u00e9s mais reste toutefois une opportunit\u00e9 pour combler les failles. Sur le plan territoriale, cette conjoncture est un acc\u00e9l\u00e9rateur de d\u00e9veloppement du territoire. Il s\u2019agit l\u00e0 de l\u2019une des recommandations \u00e9mises dans la derni\u00e8re publication de la DEPF. \u00abLa crise de la Covid-19 souligne l\u2019opportunit\u00e9 de renforcer l\u2019attractivit\u00e9 des territoires marocains et de consolider les moyens mis \u00e0 leur disposition afin d\u2019assurer un d\u00e9veloppement \u00e9quilibr\u00e9 et harmonieux \u00e0 m\u00eame de pr\u00e9parer les territoires \u00e0 s\u2019ins\u00e9rer dans la nouvelle dynamique post crise Covid-19\u00bb, peut-on lire dans ce sens.<\/p>\n<p>L\u2019atteinte de cet objectif est tributaire d\u2019un bon nombre de d\u00e9fis \u00e0 relever. L\u2019imp\u00e9ratif \u00e9tant de r\u00e9sorber les \u00e9carts en termes d\u2019infrastructures socio-\u00e9conomiques de base qui, selon les experts de la DEPF, alimentent de fortes in\u00e9galit\u00e9s de chance aupr\u00e8s des populations vuln\u00e9rables au niveau territorial et bloquent leurs perspectives de mobilit\u00e9 sociale. Il est \u00e9galement question de mobiliser le potentiel des r\u00e9gions \u00e0 travers la valorisation des richesses mat\u00e9rielles et immat\u00e9rielle et l\u2019encouragement de l\u2019\u00e9dification de sp\u00e9cialisations \u00e9conomiques prometteuses, tout en favorisant les synergies entre les diff\u00e9rentes r\u00e9gions. Parmi les priorit\u00e9s d\u00e9finies dans ce sens, on cite l\u2019impulsion de la gouvernance territoriale.<\/p>\n<p>La finalit\u00e9 \u00e9tant d\u2019optimiser l\u2019action publique et de maximiser ses retomb\u00e9es \u00e9conomiques et sociales, \u00abavec comme effet de retour une restauration de la confiance des populations dans les instances repr\u00e9sentatives au niveau territorial\u00bb. Il est \u00e9galement recommand\u00e9 d\u2019encourager l\u2019ouverture des r\u00e9gions sur les opportunit\u00e9s de partenariats d\u00e9centralis\u00e9s. L\u2019optique \u00e9tant de b\u00e9n\u00e9ficier des sources de financement et des exp\u00e9riences \u00e9trang\u00e8res r\u00e9ussies.<\/p>\n<p>De m\u00eame, les modes d\u2019actions au niveau territorial devraient \u00eatre revues de sorte \u00e0 assurer un arrimage syst\u00e9matique aux outils de planification strat\u00e9gique et aux approches d\u2019intelligence territoriale. Chose qui rendrait les choix de d\u00e9veloppement lisibles et renforcerait les capacit\u00e9s d\u2019anticipation des acteurs territoriaux. Le contexte actuel impose \u00e9galement l\u2019instauration des jalons d\u2019une animation territoriale vertueuse. Cette orientation permettrait de regrouper l\u2019ensemble des acteurs autour d\u2019objectifs communs et partag\u00e9s et de desserrer les multiples contraintes qui peuvent survenir.<\/p>\n<\/div>\n<p>Auteur: Kawtar Tali<br \/>\n<a href=\"https:\/\/aujourdhui.ma\/economie\/crise-sanitaire-les-territoires-en-quete-dattractivite\">Cliquez ici pour lire l&rsquo;article depuis sa source.<\/a><\/p>\n","protected":false},"excerpt":{"rendered":"<p>La n\u00e9cessit\u00e9 d\u2019une bonne gestion territoriale et la coordination entre les diff\u00e9rents acteurs locaux se veulent l\u2019une des priorit\u00e9s \u00e0 atteindre en ce temps de relance. La crise sanitaire a certes d\u00e9voil\u00e9 d\u2019importantes disparit\u00e9s mais reste toutefois une opportunit\u00e9 pour combler les failles. Sur le plan territoriale, cette conjoncture est un acc\u00e9l\u00e9rateur de d\u00e9veloppement du [&hellip;]<\/p>\n","protected":false},"author":1759,"featured_media":0,"comment_status":"closed","ping_status":"closed","sticky":false,"template":"","format":"standard","meta":{"fifu_image_url":"http:\/\/aujourdhui.ma\/wp-content\/uploads\/2021\/04\/territoires-en-quete-dattractivite.jpg","fifu_image_alt":"Crise sanitaire : Les territoires en qu\u00eate d\u2019attractivit\u00e9","footnotes":""},"categories":[73,54],"tags":[],"class_list":["post-114332","post","type-post","status-publish","format-standard","hentry","category-actualite","category-maroc"],"_links":{"self":[{"href":"https:\/\/linitiative.ca\/International\/wp-json\/wp\/v2\/posts\/114332","targetHints":{"allow":["GET"]}}],"collection":[{"href":"https:\/\/linitiative.ca\/International\/wp-json\/wp\/v2\/posts"}],"about":[{"href":"https:\/\/linitiative.ca\/International\/wp-json\/wp\/v2\/types\/post"}],"author":[{"embeddable":true,"href":"https:\/\/linitiative.ca\/International\/wp-json\/wp\/v2\/users\/1759"}],"replies":[{"embeddable":true,"href":"https:\/\/linitiative.ca\/International\/wp-json\/wp\/v2\/comments?post=114332"}],"version-history":[{"count":0,"href":"https:\/\/linitiative.ca\/International\/wp-json\/wp\/v2\/posts\/114332\/revisions"}],"wp:attachment":[{"href":"https:\/\/linitiative.ca\/International\/wp-json\/wp\/v2\/media?parent=114332"}],"wp:term":[{"taxonomy":"category","embeddable":true,"href":"https:\/\/linitiative.ca\/International\/wp-json\/wp\/v2\/categories?post=114332"},{"taxonomy":"post_tag","embeddable":true,"href":"https:\/\/linitiative.ca\/International\/wp-json\/wp\/v2\/tags?post=114332"}],"curies":[{"name":"wp","href":"https:\/\/api.w.org\/{rel}","templated":true}]}}