{"id":114333,"date":"2021-04-05T10:21:19","date_gmt":"2021-04-05T14:21:19","guid":{"rendered":"https:\/\/linitiative.ca\/International\/les-oeuvres-de-luc-lavandier-sous-les-projecteurs-a-essaouira\/"},"modified":"2021-04-05T10:21:19","modified_gmt":"2021-04-05T14:21:19","slug":"les-oeuvres-de-luc-lavandier-sous-les-projecteurs-a-essaouira","status":"publish","type":"post","link":"https:\/\/linitiative.ca\/International\/les-oeuvres-de-luc-lavandier-sous-les-projecteurs-a-essaouira\/","title":{"rendered":"Les \u0153uvres de Luc Lavandier  sous les projecteurs \u00e0 Essaouira"},"content":{"rendered":"<header>\n<div class=\"entry-post-meta\">\n<div class=\"author-link\">Publi\u00e9 par <a itemprop=\"author\" itemscope=\"itemscope\" itemtype=\"https:\/\/schema.org\/Person\" href=\"https:\/\/aujourdhui.ma\/author\/blio\" rel=\"author\"><span itemprop=\"name\">ALM<\/span><\/a><\/div>\n<p>Date\u00a0:<time content=\"2021-04-05T15:21:19+01:00\" class=\"entry-date updated\" datetime=\"2021-04-05T15:21:19+01:00\">avril 05, 2021<\/time><\/p>\n<div class=\"entry-cat\">dans:<a href=\"https:\/\/aujourdhui.ma\/category\/culture\" rel=\"category tag\">Culture<\/a><\/div>\n<p>29Vues<\/p>\n<\/div>\n<\/header>\n<div class=\"entry-content clearfix\" readability=\"52\">\n<figure class=\"post-thumbnail\" itemprop=\"associatedMedia\" itemscope=\"itemscope\" itemtype=\"http:\/\/schema.org\/ImageObject\"><img decoding=\"async\" class=\"post_layout_5_img\" src=\"http:\/\/aujourdhui.ma\/wp-content\/uploads\/2021\/04\/les-oeuvres-de-luc-lavandier-.jpg\" alt=\"Les \u0153uvres de Luc Lavandier sous les projecteurs \u00e0 Essaouira\"\/><\/figure>\n<p><span class=\"c5\"><strong>Les \u0153uvres singuli\u00e8res de l\u2019artiste et dessinateur fran\u00e7ais, Luc Lavandier, sont actuellement sous le feu des projecteurs \u00e0 Essaouira, \u00e0 l\u2019occasion d\u2019une exposition in\u00e9dite qui se d\u00e9roule \u00e0 l\u2019Espace embl\u00e9matique \u00abDar Souiri\u00bb.<\/strong><\/span><span id=\"more-372970\"\/> Initi\u00e9e sous le th\u00e8me \u00abHamdoulilah\u00bb, cette exposition, qui se poursuit jusqu\u2019au 10 avril, se veut une invitation \u00e0 l\u2019adresse des passionn\u00e9s de l\u2019art du dessin pour une plong\u00e9e exceptionnelle dans l\u2019univers personnel et sans fronti\u00e8res de Luc Lavandier, afin d\u2019admirer le style cr\u00e9atif et le travail original propre \u00e0 cet artiste, n\u00e9 le 29 septembre 1965 \u00e0 Bourges, et \u00e9tabli depuis six ann\u00e9es dans la Cit\u00e9 des Aliz\u00e9s. Organis\u00e9e par l\u2019Association Essaouira-Mogador, cette manifestation met ainsi \u00e0 l\u2019honneur une collection de dessins joliment r\u00e9alis\u00e9s avec d\u00e9licatesse \u00e0 l\u2019encre de Chine par M. Lavandier, \u00e9galement \u00e9crivain et ancien acteur de cin\u00e9ma et de t\u00e9l\u00e9vision. Ces dessins en noir et blanc, qui tr\u00f4nent sur les cimaises de la salle d\u2019exposition \u00ab Tayeb Seddiki \u00bb, offrent aux visiteurs l\u2019opportunit\u00e9 de partir \u00e0 la d\u00e9couverte du monde imaginaire de cet autodidacte passionn\u00e9 et tr\u00e8s inspir\u00e9, ainsi que la joie d\u2019appr\u00e9cier, \u00e0 sa juste valeur, la grande minutie et dext\u00e9rit\u00e9, la sensibilit\u00e9 cr\u00e9ative et la subtilit\u00e9 expressive de cet artiste qui porte un grand soin au moindre d\u00e9tail lors de la r\u00e9alisation de chacun de ses croquis extraordinaires.<\/p>\n<\/div>\n<p>Auteur: ALM<br \/>\n<a href=\"https:\/\/aujourdhui.ma\/culture\/les-oeuvres-de-luc-lavandier-sous-les-projecteurs-a-essaouira\">Cliquez ici pour lire l&rsquo;article depuis sa source.<\/a><\/p>\n","protected":false},"excerpt":{"rendered":"<p>Publi\u00e9 par ALM Date\u00a0:avril 05, 2021 dans:Culture 29Vues Les \u0153uvres singuli\u00e8res de l\u2019artiste et dessinateur fran\u00e7ais, Luc Lavandier, sont actuellement sous le feu des projecteurs \u00e0 Essaouira, \u00e0 l\u2019occasion d\u2019une exposition in\u00e9dite qui se d\u00e9roule \u00e0 l\u2019Espace embl\u00e9matique \u00abDar Souiri\u00bb. Initi\u00e9e sous le th\u00e8me \u00abHamdoulilah\u00bb, cette exposition, qui se poursuit jusqu\u2019au 10 avril, se veut [&hellip;]<\/p>\n","protected":false},"author":1759,"featured_media":0,"comment_status":"closed","ping_status":"closed","sticky":false,"template":"","format":"standard","meta":{"fifu_image_url":"http:\/\/aujourdhui.ma\/wp-content\/uploads\/2021\/04\/les-oeuvres-de-luc-lavandier-.jpg","fifu_image_alt":"Les \u0153uvres de Luc Lavandier  sous les projecteurs \u00e0 Essaouira","footnotes":""},"categories":[73,54],"tags":[],"class_list":["post-114333","post","type-post","status-publish","format-standard","hentry","category-actualite","category-maroc"],"_links":{"self":[{"href":"https:\/\/linitiative.ca\/International\/wp-json\/wp\/v2\/posts\/114333","targetHints":{"allow":["GET"]}}],"collection":[{"href":"https:\/\/linitiative.ca\/International\/wp-json\/wp\/v2\/posts"}],"about":[{"href":"https:\/\/linitiative.ca\/International\/wp-json\/wp\/v2\/types\/post"}],"author":[{"embeddable":true,"href":"https:\/\/linitiative.ca\/International\/wp-json\/wp\/v2\/users\/1759"}],"replies":[{"embeddable":true,"href":"https:\/\/linitiative.ca\/International\/wp-json\/wp\/v2\/comments?post=114333"}],"version-history":[{"count":0,"href":"https:\/\/linitiative.ca\/International\/wp-json\/wp\/v2\/posts\/114333\/revisions"}],"wp:attachment":[{"href":"https:\/\/linitiative.ca\/International\/wp-json\/wp\/v2\/media?parent=114333"}],"wp:term":[{"taxonomy":"category","embeddable":true,"href":"https:\/\/linitiative.ca\/International\/wp-json\/wp\/v2\/categories?post=114333"},{"taxonomy":"post_tag","embeddable":true,"href":"https:\/\/linitiative.ca\/International\/wp-json\/wp\/v2\/tags?post=114333"}],"curies":[{"name":"wp","href":"https:\/\/api.w.org\/{rel}","templated":true}]}}