{"id":114335,"date":"2021-04-05T11:30:31","date_gmt":"2021-04-05T15:30:31","guid":{"rendered":"https:\/\/linitiative.ca\/International\/moa-baala-expose-a-linstitut-francais-de-tanger\/"},"modified":"2021-04-05T11:30:31","modified_gmt":"2021-04-05T15:30:31","slug":"moa-baala-expose-a-linstitut-francais-de-tanger","status":"publish","type":"post","link":"https:\/\/linitiative.ca\/International\/moa-baala-expose-a-linstitut-francais-de-tanger\/","title":{"rendered":"Moa Baala expose \u00e0 l\u2019Institut fran\u00e7ais de Tanger"},"content":{"rendered":"<header>\n<div class=\"entry-post-meta\">\n<div class=\"author-link\">Publi\u00e9 par <a itemprop=\"author\" itemscope=\"itemscope\" itemtype=\"https:\/\/schema.org\/Person\" href=\"https:\/\/aujourdhui.ma\/author\/blio\" rel=\"author\"><span itemprop=\"name\">ALM<\/span><\/a><\/div>\n<p>Date\u00a0:<time content=\"2021-04-05T16:30:31+01:00\" class=\"entry-date updated\" datetime=\"2021-04-05T16:30:31+01:00\">avril 05, 2021<\/time><\/p>\n<div class=\"entry-cat\">dans:<a href=\"https:\/\/aujourdhui.ma\/category\/culture\" rel=\"category tag\">Culture<\/a><\/div>\n<p>6Vues<\/p>\n<\/div>\n<\/header>\n<div class=\"entry-content clearfix\" readability=\"61\">\n<figure class=\"post-thumbnail\" itemprop=\"associatedMedia\" itemscope=\"itemscope\" itemtype=\"http:\/\/schema.org\/ImageObject\"><img decoding=\"async\" class=\"post_layout_5_img\" src=\"https:\/\/aujourdhui.ma\/wp-content\/uploads\/2021\/04\/Moa-Baala-expose-a-lInstitut-francais-de-Tanger.jpg\" alt=\"Moa Baala expose \u00e0 l\u2019Institut fran\u00e7ais de Tanger\"\/><\/figure>\n<p><span class=\"c5\"><strong>Dans le cadre de sa programmation culturelle, l\u2019Institut fran\u00e7ais du Maroc site de Tanger accueillera, du 10 avril au 31 mai, l\u2019exposition \u00abAbsence et pr\u00e9sence, fragments entre la main et le cerveau\u00bb de Mo Baala.<\/strong><\/span> <span id=\"more-372968\"\/><\/p>\n<p>Cet artiste s\u2019est construit dans les souks et les bazars s\u00e9culaires de la ville de Taroudant qui l\u2019ont particuli\u00e8rement marqu\u00e9. Il puise son inspiration avec le spectacle de la Halka (la plus ancienne du th\u00e9\u00e2tre de rue) afin de transmettre, par son \u0153uvre, la fragilit\u00e9 et la beaut\u00e9 de l\u2019existence. On ne peut qualifier pr\u00e9cis\u00e9ment l\u2019\u0153uvre de Mo Baala tant il explore mat\u00e9riaux et formes. Le Graffiti, la sculpture, les collages, la photo sont autant d\u2019\u00e9l\u00e9ments explor\u00e9s par l\u2019artiste et qui font sa singularit\u00e9 par une esth\u00e9tique sp\u00e9cifique. Utilisant des mat\u00e9riaux simples et lumineux chin\u00e9s chez les artisans des bazars, Mo Baala, puise son inspiration dans les longues r\u00eaveries de son enfance ou ses nombreuses r\u00e9f\u00e9rences litt\u00e9raires, philosophiques et musicales pour aboutir \u00e0 des \u0153uvres faites de juxtapositions de couleurs et d\u2019une puissance qui ne peuvent laisser indiff\u00e9rent. N\u00e9 \u00e0 Casablanca, Mo Baala a grandi \u00e0 Taroudant, dans le sud du Maroc.<\/p>\n<p>Sa passion pour la litt\u00e9rature, le cin\u00e9ma, la musique et la philosophie nourrissent tr\u00e8s t\u00f4t son univers cr\u00e9atif. Les rencontres essentielles et Internet ont \u00e9galement jou\u00e9 un r\u00f4le crucial dans sa formation artistique. Son \u00e9ducation artistique et cr\u00e9ative s\u2019est inspir\u00e9e des arts et m\u00e9tiers traditionnels du Maroc, d\u2019Afrique et d\u2019ailleurs.<\/p>\n<\/div>\n<p>Auteur: ALM<br \/>\n<a href=\"https:\/\/aujourdhui.ma\/culture\/moa-baala-expose-a-linstitut-francais-de-tanger\">Cliquez ici pour lire l&rsquo;article depuis sa source.<\/a><\/p>\n","protected":false},"excerpt":{"rendered":"<p>Publi\u00e9 par ALM Date\u00a0:avril 05, 2021 dans:Culture 6Vues Dans le cadre de sa programmation culturelle, l\u2019Institut fran\u00e7ais du Maroc site de Tanger accueillera, du 10 avril au 31 mai, l\u2019exposition \u00abAbsence et pr\u00e9sence, fragments entre la main et le cerveau\u00bb de Mo Baala. Cet artiste s\u2019est construit dans les souks et les bazars s\u00e9culaires de [&hellip;]<\/p>\n","protected":false},"author":1759,"featured_media":0,"comment_status":"closed","ping_status":"closed","sticky":false,"template":"","format":"standard","meta":{"fifu_image_url":"https:\/\/aujourdhui.ma\/wp-content\/uploads\/2021\/04\/Moa-Baala-expose-a-lInstitut-francais-de-Tanger.jpg","fifu_image_alt":"Moa Baala expose \u00e0 l\u2019Institut fran\u00e7ais de Tanger","footnotes":""},"categories":[73,54],"tags":[],"class_list":["post-114335","post","type-post","status-publish","format-standard","hentry","category-actualite","category-maroc"],"_links":{"self":[{"href":"https:\/\/linitiative.ca\/International\/wp-json\/wp\/v2\/posts\/114335","targetHints":{"allow":["GET"]}}],"collection":[{"href":"https:\/\/linitiative.ca\/International\/wp-json\/wp\/v2\/posts"}],"about":[{"href":"https:\/\/linitiative.ca\/International\/wp-json\/wp\/v2\/types\/post"}],"author":[{"embeddable":true,"href":"https:\/\/linitiative.ca\/International\/wp-json\/wp\/v2\/users\/1759"}],"replies":[{"embeddable":true,"href":"https:\/\/linitiative.ca\/International\/wp-json\/wp\/v2\/comments?post=114335"}],"version-history":[{"count":0,"href":"https:\/\/linitiative.ca\/International\/wp-json\/wp\/v2\/posts\/114335\/revisions"}],"wp:attachment":[{"href":"https:\/\/linitiative.ca\/International\/wp-json\/wp\/v2\/media?parent=114335"}],"wp:term":[{"taxonomy":"category","embeddable":true,"href":"https:\/\/linitiative.ca\/International\/wp-json\/wp\/v2\/categories?post=114335"},{"taxonomy":"post_tag","embeddable":true,"href":"https:\/\/linitiative.ca\/International\/wp-json\/wp\/v2\/tags?post=114335"}],"curies":[{"name":"wp","href":"https:\/\/api.w.org\/{rel}","templated":true}]}}