{"id":114336,"date":"2021-04-04T14:00:48","date_gmt":"2021-04-04T18:00:48","guid":{"rendered":"https:\/\/linitiative.ca\/International\/mo-baala-expose-ses-oeuvres-a-lif-de-tanger\/"},"modified":"2021-04-04T14:00:48","modified_gmt":"2021-04-04T18:00:48","slug":"mo-baala-expose-ses-oeuvres-a-lif-de-tanger","status":"publish","type":"post","link":"https:\/\/linitiative.ca\/International\/mo-baala-expose-ses-oeuvres-a-lif-de-tanger\/","title":{"rendered":"Mo Baala expose ses \u0153uvres \u00e0  l\u2019IF de Tanger"},"content":{"rendered":"<p class=\"has-text-color has-vivid-cyan-blue-color\"><strong>Dans le cadre de sa programmation culturelle, l\u2019Institut fran\u00e7ais du Maroc site de Tanger a abrite l\u2019exposition de l\u2019artiste plasticien, Mo Baala.<\/strong><\/p>\n<p>Artiste transdisciplinaire, Mo Baala expose ses oeuvres, du 10 avril au 31 mai 2021, \u00e0 la galerie Delacroix de l\u2019Institut fran\u00e7ais, une exposition intitul\u00e9e \u00abABSENCE ET PRESENCE, FRAGMENTS ENTRE LA MAIN ET LE CERVEAU\u00bb. Mo Baala s\u2019est construit dans les souks et les bazars s\u00e9culaires de la ville de Taroudant qui l\u2019ont particuli\u00e8rement marqu\u00e9. Il puise son inspiration avec le spectacle de la Halka (la plus ancienne du th\u00e9\u00e2tre de rue) afin de transmettre, par son oeuvre, la fragilit\u00e9 et la beaut\u00e9 de l\u2019existence. On ne peut qualifier pr\u00e9cis\u00e9ment l\u2019oeuvre de Mo Baala tant il explore mat\u00e9riaux et formes. Le Graffiti, la sculpture, les collages, la photo sont autant d\u2019\u00e9l\u00e9ments explor\u00e9s par l\u2019artiste et qui font sa singularit\u00e9 par une esth\u00e9tique sp\u00e9cifique.<\/p>\n<p>Utilisant des mat\u00e9riaux simples et lumineux chin\u00e9s chez les artisans des bazars, Mo Baala, puise son inspiration dans les longues r\u00eaveries de son enfance ou ses nombreuses r\u00e9f\u00e9rences litt\u00e9raires, philosophiques et musicales pour aboutir \u00e0 des oeuvres faites de juxtapositions de couleurs et d\u2019une puissance qui ne peuvent laisser indiff\u00e9rent.<\/p>\n<p>N\u00e9 \u00e0 Casablanca, Mo Baala a grandi \u00e0 Taroudant, dans le sud du Maroc. Sa passion pour la litt\u00e9rature, le cin\u00e9ma, la musique et la philosophie nourrissent tr\u00e8s t\u00f4t son univers cr\u00e9atif. Les rencontres essentielles et Internet ont \u00e9galement jou\u00e9 un r\u00f4le crucial dans sa formation artistique. Son \u00e9ducation artistique et cr\u00e9ative s\u2019est inspir\u00e9e des arts et m\u00e9tiers traditionnels du Maroc, d\u2019Afrique et d\u2019ailleurs. Ces sources d\u2019inspiration sont aussi \u00e9clectiques que la forme que prend son travail.<\/p>\n<p>Mo Baala ne s\u2019est jamais sp\u00e9cialis\u00e9 dans une seule forme artistique. Aucun m\u00e9dium, support ni format n\u2019est hors de propos, ni hors limite\u2026 puisqu\u2019il passe du collage sur\u00a0 papier, du dessin et de la peinture, aux installations de textiles et cuir, de la sculpture en bois, en fer ou pierre de calcaire, \u00e0 la c\u00e9ramique en passant par la musique &amp; l\u2019art sonore \u00e0 la performance, mais aussi de l\u2019animation et aux installations d\u2019art vid\u00e9o pour lesquelles il cr\u00e9e \u00e9galement des pi\u00e8ces de Wearable art (pi\u00e8ces uniques d\u2019art textile pr\u00eat-\u00e0-porter) des masques, et des accessoires\u2026<\/p>\n<p>Depuis 2016 et son \u00e9mergence sur la sc\u00e8ne artistique internationale lors de la Biennale Marrakech 6, il fait l\u2019objet de cinq expositions personnelles au Maroc et en France et a particip\u00e9 \u00e0 de nombreuses d\u2019expositions collectives, en plus d\u2019\u00eatre repr\u00e9sent\u00e9 dans plusieurs \u00e9v\u00e9nements artistiques internationaux, biennales, foires et salons.<\/p>\n<p>(Documenta, Kassel \/ Biennale Berlin &amp; Casablanca avec Limiditi Temporary Art Projects\/Saout Radio, YIA &amp; AKKA, Paris, The Others Art Fair, Turin, 1: 5 4, Londres, Marrakech, Paris, Par\u00e9iodolie, Marseille\u2026).<\/p>\n<p>Mo a \u00e9t\u00e9 laur\u00e9at du Prix de la Nuit de l\u2019Instant 2017, Marseille, FR (ex aequo) juin 2017. Mo a rejoint VGO &amp; associ\u00e9s en 2020, il cr\u00e9e des objets, des meubles, des sculptures, des structures, pi\u00e8ces uniques ou \u00e9dition limit\u00e9e. Mo a int\u00e9gr\u00e9 de nombreuses collections nationales et internationales, publiques et priv\u00e9es, notamment la Fondation Alliances, (Maroc), la Collection Elisabeth Bauchet- Bouhlal, Le Saadi (Maroc) et la Fondation Nubuke (Ghana).<\/p>\n<p><strong>Mo Baala vit et travaille au Maroc.<\/strong><\/p>\n<p>Auteur: M&rsquo;hammed rahal<br \/>\n<a href=\"http:\/\/albayane.press.ma\/mo-baala-expose-ses-oeuvres-a-lif-de-tanger.html\">Cliquez ici pour lire l&rsquo;article depuis sa source.<\/a><\/p>\n","protected":false},"excerpt":{"rendered":"<p>Dans le cadre de sa programmation culturelle, l\u2019Institut fran\u00e7ais du Maroc site de Tanger a abrite l\u2019exposition de l\u2019artiste plasticien, Mo Baala. Artiste transdisciplinaire, Mo Baala expose ses oeuvres, du 10 avril au 31 mai 2021, \u00e0 la galerie Delacroix de l\u2019Institut fran\u00e7ais, une exposition intitul\u00e9e \u00abABSENCE ET PRESENCE, FRAGMENTS ENTRE LA MAIN ET LE [&hellip;]<\/p>\n","protected":false},"author":1760,"featured_media":0,"comment_status":"closed","ping_status":"closed","sticky":false,"template":"","format":"standard","meta":{"fifu_image_url":"","fifu_image_alt":"","footnotes":""},"categories":[73,54],"tags":[],"class_list":["post-114336","post","type-post","status-publish","format-standard","hentry","category-actualite","category-maroc"],"_links":{"self":[{"href":"https:\/\/linitiative.ca\/International\/wp-json\/wp\/v2\/posts\/114336","targetHints":{"allow":["GET"]}}],"collection":[{"href":"https:\/\/linitiative.ca\/International\/wp-json\/wp\/v2\/posts"}],"about":[{"href":"https:\/\/linitiative.ca\/International\/wp-json\/wp\/v2\/types\/post"}],"author":[{"embeddable":true,"href":"https:\/\/linitiative.ca\/International\/wp-json\/wp\/v2\/users\/1760"}],"replies":[{"embeddable":true,"href":"https:\/\/linitiative.ca\/International\/wp-json\/wp\/v2\/comments?post=114336"}],"version-history":[{"count":0,"href":"https:\/\/linitiative.ca\/International\/wp-json\/wp\/v2\/posts\/114336\/revisions"}],"wp:attachment":[{"href":"https:\/\/linitiative.ca\/International\/wp-json\/wp\/v2\/media?parent=114336"}],"wp:term":[{"taxonomy":"category","embeddable":true,"href":"https:\/\/linitiative.ca\/International\/wp-json\/wp\/v2\/categories?post=114336"},{"taxonomy":"post_tag","embeddable":true,"href":"https:\/\/linitiative.ca\/International\/wp-json\/wp\/v2\/tags?post=114336"}],"curies":[{"name":"wp","href":"https:\/\/api.w.org\/{rel}","templated":true}]}}