{"id":114338,"date":"2021-04-04T14:00:54","date_gmt":"2021-04-04T18:00:54","guid":{"rendered":"https:\/\/linitiative.ca\/International\/les-lendemains-souhaitables\/"},"modified":"2021-04-04T14:00:54","modified_gmt":"2021-04-04T18:00:54","slug":"les-lendemains-souhaitables","status":"publish","type":"post","link":"https:\/\/linitiative.ca\/International\/les-lendemains-souhaitables\/","title":{"rendered":"Les lendemains souhaitables"},"content":{"rendered":"<p class=\"has-text-color has-vivid-cyan-blue-color\"><strong>D\u00e9veloppement et structuration des industries culturelles au Maroc Initi\u00e9s par l\u2019Institut fran\u00e7ais de Mekn\u00e8s avec l\u2019appui de l\u2019Institut fran\u00e7ais du Maroc et en partenariat avec la Fondation A\u00efcha, \u00abLes lendemains souhaitables\u00bb, projet qui s\u2019inscrit pleinement dans cet enjeu transversal du secteur des industries culturelles et cr\u00e9atives (jeunesse, formation, d\u00e9veloppement \u00e9conomique, coop\u00e9ration), se d\u00e9clinent en trois Webinaires retransmis en ligne.<\/strong><\/p>\n<p>Ils permettent, dans le contexte sanitaire actuel, de garder le lien avec un les professionnels du cin\u00e9ma d\u2019animation fid\u00e9lis\u00e9s sur plus de 20 ans, gr\u00e2ce aux diff\u00e9rentes actions du FICAM (Festival International du Cin\u00e9ma d\u2019Animation de Mekn\u00e8s) et de les faire participer aux grands enjeux de la production du film d\u2019animation au Maroc, expliquent les initiateurs du projet.<\/p>\n<p>Le premier Webinaire sera retransmis de Paris, mercredi 7 avril 2021 \u00e0 14h30. Le d\u00e9bat, portera sur la probl\u00e9matique Producteur\/R\u00e9alisateur : un bin\u00f4me gagnant en film d\u2019animation ou un risque partag\u00e9 ? Il sera mod\u00e9r\u00e9 par Alexis Hunot, journaliste sp\u00e9cialis\u00e9 dans le cin\u00e9ma d\u2019animation avec la participation de Sofia El Khiyari, r\u00e9alisatrice, Caroline Attia, r\u00e9alisatrice, S\u00e9bastien Onomo, producteur et Ron Dyens, producteur et C\u00e9sar 2021 pour le meilleur court-m\u00e9trage d\u2019animation pour L\u2019heure de l\u2019ours, ajoute la m\u00eame source.<\/p>\n<p>Le duo form\u00e9 par un-e producteur-trice et un-e r\u00e9alisateur-trice, indispensable bin\u00f4me pour la r\u00e9alisation des films, pose beaucoup de questions. Comment se partage les phases du projet de son point de d\u00e9part \u00e0 sa diffusion ? Comment d\u00e9finit-on un budget pour un film et qui est en recherche des financements ? La promotion du film est-elle partag\u00e9e ? Quel est l\u2019apport artistique de la soci\u00e9t\u00e9 de production et inversement le soutien que le r\u00e9alisateur (trice) apporte \u00e0 la production ? Comment se d\u00e9veloppe le dialogue lorsqu\u2019on produit, r\u00e9alise un film ? Les probl\u00e9matiques diff\u00e8rent-elles d\u2019un pays \u00e0 l\u2019autre, d\u2019un continent \u00e0 l\u2019autre ? Les lendemains souhaitables se poursuivront vendredi 21 mai et mercredi 3 juin 2021.<\/p>\n<p>Auteur: M&rsquo;hammed rahal<br \/>\n<a href=\"http:\/\/albayane.press.ma\/les-lendemains-souhaitables.html\">Cliquez ici pour lire l&rsquo;article depuis sa source.<\/a><\/p>\n","protected":false},"excerpt":{"rendered":"<p>D\u00e9veloppement et structuration des industries culturelles au Maroc Initi\u00e9s par l\u2019Institut fran\u00e7ais de Mekn\u00e8s avec l\u2019appui de l\u2019Institut fran\u00e7ais du Maroc et en partenariat avec la Fondation A\u00efcha, \u00abLes lendemains souhaitables\u00bb, projet qui s\u2019inscrit pleinement dans cet enjeu transversal du secteur des industries culturelles et cr\u00e9atives (jeunesse, formation, d\u00e9veloppement \u00e9conomique, coop\u00e9ration), se d\u00e9clinent en trois [&hellip;]<\/p>\n","protected":false},"author":1760,"featured_media":0,"comment_status":"closed","ping_status":"closed","sticky":false,"template":"","format":"standard","meta":{"fifu_image_url":"","fifu_image_alt":"","footnotes":""},"categories":[73,54],"tags":[],"class_list":["post-114338","post","type-post","status-publish","format-standard","hentry","category-actualite","category-maroc"],"_links":{"self":[{"href":"https:\/\/linitiative.ca\/International\/wp-json\/wp\/v2\/posts\/114338","targetHints":{"allow":["GET"]}}],"collection":[{"href":"https:\/\/linitiative.ca\/International\/wp-json\/wp\/v2\/posts"}],"about":[{"href":"https:\/\/linitiative.ca\/International\/wp-json\/wp\/v2\/types\/post"}],"author":[{"embeddable":true,"href":"https:\/\/linitiative.ca\/International\/wp-json\/wp\/v2\/users\/1760"}],"replies":[{"embeddable":true,"href":"https:\/\/linitiative.ca\/International\/wp-json\/wp\/v2\/comments?post=114338"}],"version-history":[{"count":0,"href":"https:\/\/linitiative.ca\/International\/wp-json\/wp\/v2\/posts\/114338\/revisions"}],"wp:attachment":[{"href":"https:\/\/linitiative.ca\/International\/wp-json\/wp\/v2\/media?parent=114338"}],"wp:term":[{"taxonomy":"category","embeddable":true,"href":"https:\/\/linitiative.ca\/International\/wp-json\/wp\/v2\/categories?post=114338"},{"taxonomy":"post_tag","embeddable":true,"href":"https:\/\/linitiative.ca\/International\/wp-json\/wp\/v2\/tags?post=114338"}],"curies":[{"name":"wp","href":"https:\/\/api.w.org\/{rel}","templated":true}]}}