{"id":114340,"date":"2021-04-04T14:00:59","date_gmt":"2021-04-04T18:00:59","guid":{"rendered":"https:\/\/linitiative.ca\/International\/%ef%bb%bftotal-se-maintient-en-birmanie\/"},"modified":"2021-04-04T14:00:59","modified_gmt":"2021-04-04T18:00:59","slug":"%ef%bb%bftotal-se-maintient-en-birmanie","status":"publish","type":"post","link":"https:\/\/linitiative.ca\/International\/%ef%bb%bftotal-se-maintient-en-birmanie\/","title":{"rendered":"\ufeffTotal se maintient en Birmanie"},"content":{"rendered":"<p class=\"has-text-color has-vivid-red-color c1\"><strong>Malgr\u00e9 la r\u00e9pression et la contestation<\/strong><\/p>\n<p class=\"has-text-color has-vivid-cyan-blue-color\"><strong>Le groupe p\u00e9trolier fran\u00e7ais Total a annonc\u00e9 dimanche qu\u2019il maintenait sa pr\u00e9sence controvers\u00e9e en Birmanie, o\u00f9 la r\u00e9pression contre le coup d\u2019Etat militaire a d\u00e9j\u00e0 fait des centaines de morts, tout en s\u2019engageant \u00e0 financer des organisations pour les droits humains dans le pays.<\/strong><\/p>\n<p>Plus de 550 civils, dont des femmes et des enfants, ont \u00e9t\u00e9 tu\u00e9s par les forces de s\u00e9curit\u00e9 depuis le putsch du 1er f\u00e9vrier qui a renvers\u00e9 le gouvernement civil d\u2019Aung San Suu Kyi, d\u2019apr\u00e8s l\u2019Association d\u2019assistance aux prisonniers politiques (AAPP).<\/p>\n<p>Le bilan pourrait \u00eatre beaucoup plus lourd: quelque 2.700 personnes ont \u00e9t\u00e9 arr\u00eat\u00e9es. Beaucoup, d\u00e9tenues au secret, sans acc\u00e8s \u00e0 leurs proches ou \u00e0 un avocat, sont port\u00e9es disparues.<\/p>\n<p>L\u2019arm\u00e9e et la police tirent \u00e0 balles r\u00e9elles de jour comme de nuit, rel\u00e8ve l\u2019AAPP, et quatre civils sont encore tomb\u00e9s sous les balles samedi.<\/p>\n<p>Face \u00e0 la d\u00e9gradation constante de la situation, des ONG internationales et locales, relay\u00e9es par certains politiques en France, ont appel\u00e9 Total, pr\u00e9sent en Birmanie depuis 1992, \u00e0 quitter le pays.<\/p>\n<p>La soci\u00e9t\u00e9 va maintenir sa production de gaz qui \u00abalimente en \u00e9lectricit\u00e9 une population nombreuse \u00e0 Rangoun\u00bb, la capitale \u00e9conomique, a fait savoir dimanche son PDG Patrick Pouyann\u00e9.<\/p>\n<p>Le groupe ne veut pas non plus exposer ses salari\u00e9s sur place au risque de \u00abtravail forc\u00e9\u00bb s\u2019il partait.<\/p>\n<p>Total a vers\u00e9 environ 230 millions de dollars aux autorit\u00e9s birmanes en 2019 et 176 en 2020, sous forme de taxes et de \u00abdroits \u00e0 la production\u00bb, d\u2019apr\u00e8s ses documents financiers.<\/p>\n<p>Bloquer nos paiements exposerait \u00ables responsables de notre filiale au risque d\u2019\u00eatre arr\u00eat\u00e9s et emprisonn\u00e9s\u00bb, a estim\u00e9 Patrick Pouyann\u00e9 dans cette tribune parue dans l\u2019hebdomadaire fran\u00e7ais Le Journal du dimanche.<\/p>\n<p>Il s\u2019est engag\u00e9 \u00e0 financer des ONG pour les droits humains \u00e0 hauteur de ce qu\u2019il versera \u00e0 l\u2019Etat birman.<\/p>\n<p>L\u2019\u00e9lectricien EDF a lui jet\u00e9 l\u2019\u00e9ponge mi-mars, suspendant un projet de 1,5 milliard de dollars pour la construction d\u2019un barrage hydro\u00e9lectrique.<\/p>\n<p>Malgr\u00e9 la r\u00e9pression sanglante de la junte, la mobilisation pro-d\u00e9mocratie se poursuit, avec des dizaines de milliers de salari\u00e9s en gr\u00e8ve et des secteurs entiers de l\u2019\u00e9conomie paralys\u00e9s.<\/p>\n<p>Des enseignants et des ing\u00e9nieurs ont manifest\u00e9 dimanche \u00e0 pied ou sur des deux roues \u00e0 Mandalay, la deuxi\u00e8me ville du pays.<\/p>\n<p>Et, en ce dimanche de P\u00e2ques, le mouvement de d\u00e9sob\u00e9issance civile a trouv\u00e9 une nouvelle parade: diffuser des photos d\u2019oeufs sur les r\u00e9seaux sociaux d\u00e9cor\u00e9s de messages contre le r\u00e9gime. \u00abSauvez la Birmanie\u00bb, \u00abNous voulons la d\u00e9mocratie\u00bb, \u00abD\u00e9gageons MAH\u00bb, le puissant chef de la junte Min Aung Hlain, pouvait-on lire.<\/p>\n<p>Mais l\u2019acc\u00e8s \u00e0 internet reste coup\u00e9 pour une grande majorit\u00e9 de la population, l\u2019arm\u00e9e ayant ordonn\u00e9 la suspension des donn\u00e9es mobiles et des connexions sans fil.<\/p>\n<p>Les g\u00e9n\u00e9raux resserrent aussi leur \u00e9tau judiciaire sur Aung San Suu Kyi, accus\u00e9e notamment de corruption et d\u2019avoir viol\u00e9 une loi sur les secrets d\u2019Etat datant de l\u2019\u00e9poque coloniale.<\/p>\n<p>Si elle est reconnue coupable, l\u2019ex-dirigeante de 75 ans, d\u00e9tenue au secret mais \u00aben bonne sant\u00e9\u00bb selon ses avocats, risque d\u2019\u00eatre bannie de la vie politique et encourt de longues ann\u00e9es de prison.<\/p>\n<p>Des mandats d\u2019arr\u00eat ont \u00e9t\u00e9 \u00e9mis contre 40 c\u00e9l\u00e9brit\u00e9s birmanes \u2013 des chanteurs, des mannequins, des influenceurs sur les r\u00e9seaux sociaux. Ils sont accus\u00e9s d\u2019avoir diffus\u00e9 des informations susceptibles de provoquer des mutineries dans les forces arm\u00e9es.<\/p>\n<p>Trois membres d\u2019une famille, qui s\u2019\u00e9taient entretenus avec une correspondante de la cha\u00eene CNN venue interviewer des responsables de la junte, ont \u00e9t\u00e9 arr\u00eat\u00e9s.<\/p>\n<p>\u00abNous exhortons les autorit\u00e9s \u00e0 donner des informations \u00e0 ce sujet et \u00e0 lib\u00e9rer en toute s\u00e9curit\u00e9 tout d\u00e9tenu\u00bb, a d\u00e9clar\u00e9 un porte-parole du groupe am\u00e9ricain.<\/p>\n<p>Le bain de sang contre les civils a provoqu\u00e9 la col\u00e8re de nombreuses factions ethniques rebelles du pays.<\/p>\n<p>Dix ont apport\u00e9 samedi leur soutien \u00e0 la mobilisation d\u00e9mocratique et vont \u00abr\u00e9examiner\u00bb le cessez-le-feu sign\u00e9 avec les militaires \u00e0 partir de 2015, d\u2019apr\u00e8s le chef de l\u2019une d\u2019entre elles.<\/p>\n<p>Une autre, la puissante Union KNU, a condamn\u00e9 des raids a\u00e9riens de l\u2019arm\u00e9e dans le sud-est du pays qui ont fait, selon elle, plus de 12.000 d\u00e9plac\u00e9s, exhortant la multitude de minorit\u00e9s ethniques du pays (plus de 130) \u00e0 s\u2019unir contre la junte.<\/p>\n<p>D\u2019autres r\u00e9bellions avaient d\u00e9j\u00e0 menac\u00e9 de reprendre les armes.<\/p>\n<p>L\u2019\u00e9missaire de l\u2019ONU pour la Birmanie, Christine Schraner Burgener, a mis en garde contre un risque \u00absans pr\u00e9c\u00e9dent\u00bb de \u00abguerre civile\u00bb.<\/p>\n<p>Auteur: M&rsquo;hammed rahal<br \/>\n<a href=\"http:\/\/albayane.press.ma\/%EF%BB%BFtotal-se-maintient-en-birmanie.html\">Cliquez ici pour lire l&rsquo;article depuis sa source.<\/a><\/p>\n","protected":false},"excerpt":{"rendered":"<p>Malgr\u00e9 la r\u00e9pression et la contestation Le groupe p\u00e9trolier fran\u00e7ais Total a annonc\u00e9 dimanche qu\u2019il maintenait sa pr\u00e9sence controvers\u00e9e en Birmanie, o\u00f9 la r\u00e9pression contre le coup d\u2019Etat militaire a d\u00e9j\u00e0 fait des centaines de morts, tout en s\u2019engageant \u00e0 financer des organisations pour les droits humains dans le pays. Plus de 550 civils, dont [&hellip;]<\/p>\n","protected":false},"author":1760,"featured_media":0,"comment_status":"closed","ping_status":"closed","sticky":false,"template":"","format":"standard","meta":{"fifu_image_url":"","fifu_image_alt":"","footnotes":""},"categories":[73,54],"tags":[],"class_list":["post-114340","post","type-post","status-publish","format-standard","hentry","category-actualite","category-maroc"],"_links":{"self":[{"href":"https:\/\/linitiative.ca\/International\/wp-json\/wp\/v2\/posts\/114340","targetHints":{"allow":["GET"]}}],"collection":[{"href":"https:\/\/linitiative.ca\/International\/wp-json\/wp\/v2\/posts"}],"about":[{"href":"https:\/\/linitiative.ca\/International\/wp-json\/wp\/v2\/types\/post"}],"author":[{"embeddable":true,"href":"https:\/\/linitiative.ca\/International\/wp-json\/wp\/v2\/users\/1760"}],"replies":[{"embeddable":true,"href":"https:\/\/linitiative.ca\/International\/wp-json\/wp\/v2\/comments?post=114340"}],"version-history":[{"count":0,"href":"https:\/\/linitiative.ca\/International\/wp-json\/wp\/v2\/posts\/114340\/revisions"}],"wp:attachment":[{"href":"https:\/\/linitiative.ca\/International\/wp-json\/wp\/v2\/media?parent=114340"}],"wp:term":[{"taxonomy":"category","embeddable":true,"href":"https:\/\/linitiative.ca\/International\/wp-json\/wp\/v2\/categories?post=114340"},{"taxonomy":"post_tag","embeddable":true,"href":"https:\/\/linitiative.ca\/International\/wp-json\/wp\/v2\/tags?post=114340"}],"curies":[{"name":"wp","href":"https:\/\/api.w.org\/{rel}","templated":true}]}}