{"id":114341,"date":"2021-04-05T10:32:36","date_gmt":"2021-04-05T14:32:36","guid":{"rendered":"https:\/\/linitiative.ca\/International\/la-chambre-de-commerce-et-dindustrie-de-sfax-vers-le-renforcement-des-capacites-des-entreprises-avec-un-programme-dense-et-enrichissant-pour-lannee-2021\/"},"modified":"2021-04-05T10:32:36","modified_gmt":"2021-04-05T14:32:36","slug":"la-chambre-de-commerce-et-dindustrie-de-sfax-vers-le-renforcement-des-capacites-des-entreprises-avec-un-programme-dense-et-enrichissant-pour-lannee-2021","status":"publish","type":"post","link":"https:\/\/linitiative.ca\/International\/la-chambre-de-commerce-et-dindustrie-de-sfax-vers-le-renforcement-des-capacites-des-entreprises-avec-un-programme-dense-et-enrichissant-pour-lannee-2021\/","title":{"rendered":"La Chambre de Commerce et d\u2019Industrie de Sfax\u00a0: Vers le renforcement des capacit\u00e9s des entreprises avec un programme dense et\u00a0 enrichissant pour l\u2019ann\u00e9e 2021."},"content":{"rendered":"<div class=\"gmail_default\">\n<p>Dans un souci de favoriser la relance \u00e9conomique et de contribuer au d\u00e9veloppement des entreprises et de les appuyer \u00e0 prospecter\u00a0de nouvelles opportunit\u00e9s d\u2019investissement, la Chambre de Commerce et d\u2019Industrie de Sfax propose un programme dense\u00a0et\u00a0particuli\u00e8rement enrichissant pour l\u2019ann\u00e9e 2021.<\/p>\n<p>Ce programme favorisant les \u00e9changes\u00a0multiples est un v\u00e9ritable levier pou rconsolider les capacit\u00e9s des entreprises et les renforcer \u00e0 faire face aux profondes r\u00e9percussions caus\u00e9es par la pand\u00e9mie du coronavirus.<\/p>\n<p>Le programme 2021 comprend de nombreuses activit\u00e9s, notamment le trentenaire du Salon M\u00e9diterran\u00e9en du B\u00e2timent \u00abMEDIBAT 2021\u00bb du 06 au 09 octobre dont l\u2019organisation se fera avec un respect rigoureux du protocole sanitaire n\u00e9cessaire.<\/p>\n<p>Le programme avec l\u2019Afrique, repr\u00e9sente un volet pr\u00e9pond\u00e9rant des activit\u00e9s de la CCIS, dont essentiellement la 3<sup>\u00e8me<\/sup>session du Salon Africain du B\u00e2timent \u00ab\u00a0AFRIBAT\u00a0\u00bb au Cameroun et la Foire des produits tunisiens \u00ab\u00a0Made in Tunisia\u00a0\u00bb \u00e0 Kinshasa (R\u00e9publique D\u00e9mocratique du Congo), en d\u00e9cembre 2021.<\/p>\n<p>La CCIS s\u2019est \u00e9galement lanc\u00e9e dans la mise en \u0153uvre d\u2019un programme de coop\u00e9ration tuniso-libyen,\u00a0dans un objectif de relancer les relations \u00e9conomiques avec un pays ami et voisin, avec l\u2019\u00e9laboration de nombreuses missions d\u2019affaires et forums de partenariat, la premi\u00e8re \u00e9tape \u00e9tait la mission d\u2019affaires multisectorielle, \u00e0 Tripoli du 27 f\u00e9vrier au 2 mars. Les \u00e9tapes suivantes seront le Forum tuniso-libyen qui se tiendra \u00e0 Sfax les 20 et 21 mai, la mission d\u2019affaires \u00e0 Misrata du 25 au 29 mai, la mission d\u2019affaires \u00e0 Benghazi du 19 au 22 juin et la participation tunisienne \u00e0 la Foire de la construction (Tripoli LC Expo 2021) du 28 juin au 1<sup>er<\/sup>\u00a0juillet \u00e0 Tripoli.<\/p>\n<p>A ceci s\u2019ajoute un plan d\u2019activit\u00e9s vari\u00e9, \u00e0 l\u2019instar de la 3<sup>\u00e8me<\/sup>\u00a0session du Forum \u00abTunisia Business Export\u00bb, \u00e0 l\u2019exposition virtuelle de l\u2019artisanat, au forum de l\u2019arbitrage, \u00e0 de nombreuses formations et \u00e0 l\u2019installation de l\u2019Universit\u00e9 d\u2019entreprise.<\/p>\n<p>Il est int\u00e9ressant aussi de signaler l\u2019implication de la CCIS dans plusieurs projets euro-m\u00e9diterran\u00e9ens (Mesdsta@rts, TECHLOG, ReSt@rts) et son accompagnement dans le projet de cr\u00e9ation de la zone logistique de Gargour.<\/p>\n<p>Enfin, la CCIS vient de lancer son APPLICATION MOBILE qui permet \u00e0 ses op\u00e9rateurs \u00e9conomiques de suivre toutes les activit\u00e9s et les nouveaut\u00e9s de la CCIS en temps r\u00e9el.<\/p>\n<\/div>\n<div class=\"wp-post-author-wrap wp-post-author-shortcode left\">\n<h3 class=\"awpa-title\"\/>\n<div class=\"wp-post-author\">\n<div class=\"awpa-img awpa-author-block square\"><a href=\"http:\/\/lexpertjournal.net\/fr\/?author=5\"><img loading=\"lazy\" decoding=\"async\" alt=\"\" src=\"http:\/\/0.gravatar.com\/avatar\/97f8e10a1c1125ba104a76514ee07b16?s=150&amp;d=mm&amp;r=g\" srcset=\"http:\/\/0.gravatar.com\/avatar\/97f8e10a1c1125ba104a76514ee07b16?s=300&amp;d=mm&amp;r=g 2x\" class=\"avatar avatar-150 photo\" height=\"150\" width=\"150\"\/><\/a><\/div>\n<\/div>\n<\/div>\n<aside class=\"mashsb-container mashsb-main mashsb-stretched\">\n<\/aside>\n<p>Auteur: L&rsquo;expert<br \/>\n<a href=\"http:\/\/lexpertjournal.net\/fr\/?p=19546\">Cliquez ici pour lire l&rsquo;article depuis sa source.<\/a><\/p>\n","protected":false},"excerpt":{"rendered":"<p>Dans un souci de favoriser la relance \u00e9conomique et de contribuer au d\u00e9veloppement des entreprises et de les appuyer \u00e0 prospecter\u00a0de nouvelles opportunit\u00e9s d\u2019investissement, la Chambre de Commerce et d\u2019Industrie de Sfax propose un programme dense\u00a0et\u00a0particuli\u00e8rement enrichissant pour l\u2019ann\u00e9e 2021. Ce programme favorisant les \u00e9changes\u00a0multiples est un v\u00e9ritable levier pou rconsolider les capacit\u00e9s des entreprises [&hellip;]<\/p>\n","protected":false},"author":1775,"featured_media":0,"comment_status":"closed","ping_status":"closed","sticky":false,"template":"","format":"standard","meta":{"fifu_image_url":"http:\/\/0.gravatar.com\/avatar\/97f8e10a1c1125ba104a76514ee07b16?s=150&d=mm&r=g","fifu_image_alt":"La Chambre de Commerce et d\u2019Industrie de Sfax\u00a0: Vers le renforcement des capacit\u00e9s des entreprises avec un programme dense et\u00a0 enrichissant pour l\u2019ann\u00e9e 2021.","footnotes":""},"categories":[78,55],"tags":[],"class_list":["post-114341","post","type-post","status-publish","format-standard","hentry","category-economie","category-tunisie"],"_links":{"self":[{"href":"https:\/\/linitiative.ca\/International\/wp-json\/wp\/v2\/posts\/114341","targetHints":{"allow":["GET"]}}],"collection":[{"href":"https:\/\/linitiative.ca\/International\/wp-json\/wp\/v2\/posts"}],"about":[{"href":"https:\/\/linitiative.ca\/International\/wp-json\/wp\/v2\/types\/post"}],"author":[{"embeddable":true,"href":"https:\/\/linitiative.ca\/International\/wp-json\/wp\/v2\/users\/1775"}],"replies":[{"embeddable":true,"href":"https:\/\/linitiative.ca\/International\/wp-json\/wp\/v2\/comments?post=114341"}],"version-history":[{"count":0,"href":"https:\/\/linitiative.ca\/International\/wp-json\/wp\/v2\/posts\/114341\/revisions"}],"wp:attachment":[{"href":"https:\/\/linitiative.ca\/International\/wp-json\/wp\/v2\/media?parent=114341"}],"wp:term":[{"taxonomy":"category","embeddable":true,"href":"https:\/\/linitiative.ca\/International\/wp-json\/wp\/v2\/categories?post=114341"},{"taxonomy":"post_tag","embeddable":true,"href":"https:\/\/linitiative.ca\/International\/wp-json\/wp\/v2\/tags?post=114341"}],"curies":[{"name":"wp","href":"https:\/\/api.w.org\/{rel}","templated":true}]}}