{"id":114344,"date":"2021-04-05T05:30:00","date_gmt":"2021-04-05T09:30:00","guid":{"rendered":"https:\/\/linitiative.ca\/International\/la-tunisie-en-attente-des-touristes-algeriens\/"},"modified":"2021-04-05T05:30:00","modified_gmt":"2021-04-05T09:30:00","slug":"la-tunisie-en-attente-des-touristes-algeriens","status":"publish","type":"post","link":"https:\/\/linitiative.ca\/International\/la-tunisie-en-attente-des-touristes-algeriens\/","title":{"rendered":"La Tunisie en attente des touristes alg\u00e9riens"},"content":{"rendered":"<div id=\"originalText\" readability=\"53\">\n<p>La Tunisie compte\u00a0 bien\u00a0 sur\u00a0 la\u00a0 r\u00e9ouverture\u00a0 des\u00a0 fronti\u00e8res\u00a0 par\u00a0l\u2019Alg\u00e9rie pour relancer le secteur du tourisme et esp\u00e9rer compenser\u00a0 le manque \u00e0 gagner en pr\u00e9vision de la prochaine saison estivale.\u00a0<\/p>\n<p>C\u2019est ce qu\u2019a indiqu\u00e9 le ministre tunisien du Tourisme et de l\u2019Artisanat, Habib Ammar, rappelant qu\u2019en ce qui concerne l\u2019Alg\u00e9rie, les fronti\u00e8res sont encore ferm\u00e9es. Le ministre esp\u00e8re qu\u2019avec l\u2019am\u00e9lioration de la situation, \u201cles Alg\u00e9riens seront parmi nous cet \u00e9t\u00e9, ce pays fr\u00e8re\u00a0 ayant bien avanc\u00e9 dans la vaccination\u201d.\u00a0<\/p>\n<p>Lors de son passage \u00e0 l\u2019\u00e9mission Midi Show sur Mosa\u00efque FM, Ammar Habib Ammar a indiqu\u00e9 qu\u2019\u201cen tant que membre du gouvernement et ministre du Tourisme, mon premier souci est de garantir la sant\u00e9 du citoyen tunisien, mon deuxi\u00e8me souci est l\u2019image de la Tunisie en tant que destination Safe\u201d, affirmant que la d\u00e9cision d\u2019ouverture des fronti\u00e8res aux touristes pr\u00e9vue \u00e0 partir du 19 avril permettra la relance de ce secteur n\u00e9vralgique.<\/p>\n<\/div>\n<div id=\"text_core\" readability=\"53\">\n<p>La Tunisie compte\u00a0 bien\u00a0 sur\u00a0 la\u00a0 r\u00e9ouverture\u00a0 des\u00a0 fronti\u00e8res\u00a0 par\u00a0l\u2019Alg\u00e9rie pour relancer le secteur du tourisme et esp\u00e9rer compenser\u00a0 le manque \u00e0 gagner en pr\u00e9vision de la prochaine saison estivale.\u00a0<\/p>\n<p>C\u2019est ce qu\u2019a indiqu\u00e9 le ministre tunisien du Tourisme et de l\u2019Artisanat, Habib Ammar, rappelant qu\u2019en ce qui concerne l\u2019Alg\u00e9rie, les fronti\u00e8res sont encore ferm\u00e9es. Le ministre esp\u00e8re qu\u2019avec l\u2019am\u00e9lioration de la situation, \u201cles Alg\u00e9riens seront parmi nous cet \u00e9t\u00e9, ce pays fr\u00e8re\u00a0 ayant bien avanc\u00e9 dans la vaccination\u201d.\u00a0<\/p>\n<p>Lors de son passage \u00e0 l\u2019\u00e9mission Midi Show sur Mosa\u00efque FM, Ammar Habib Ammar a indiqu\u00e9 qu\u2019\u201cen tant que membre du gouvernement et ministre du Tourisme, mon premier souci est de garantir la sant\u00e9 du citoyen tunisien, mon deuxi\u00e8me souci est l\u2019image de la Tunisie en tant que destination Safe\u201d, affirmant que la d\u00e9cision d\u2019ouverture des fronti\u00e8res aux touristes pr\u00e9vue \u00e0 partir du 19 avril permettra la relance de ce secteur n\u00e9vralgique.<\/p>\n<\/div>\n<p>Auteur:<br \/>\n<a href=\"https:\/\/www.liberte-algerie.com\/radar\/la-tunisie-en-attente-des-touristes-algeriens-356652\">Cliquez ici pour lire l&rsquo;article depuis sa source.<\/a><\/p>\n","protected":false},"excerpt":{"rendered":"<p>La Tunisie compte\u00a0 bien\u00a0 sur\u00a0 la\u00a0 r\u00e9ouverture\u00a0 des\u00a0 fronti\u00e8res\u00a0 par\u00a0l\u2019Alg\u00e9rie pour relancer le secteur du tourisme et esp\u00e9rer compenser\u00a0 le manque \u00e0 gagner en pr\u00e9vision de la prochaine saison estivale.\u00a0 C\u2019est ce qu\u2019a indiqu\u00e9 le ministre tunisien du Tourisme et de l\u2019Artisanat, Habib Ammar, rappelant qu\u2019en ce qui concerne l\u2019Alg\u00e9rie, les fronti\u00e8res sont encore ferm\u00e9es. [&hellip;]<\/p>\n","protected":false},"author":1742,"featured_media":0,"comment_status":"closed","ping_status":"closed","sticky":false,"template":"","format":"standard","meta":{"fifu_image_url":"","fifu_image_alt":"","footnotes":""},"categories":[73,53],"tags":[],"class_list":["post-114344","post","type-post","status-publish","format-standard","hentry","category-actualite","category-algerie"],"_links":{"self":[{"href":"https:\/\/linitiative.ca\/International\/wp-json\/wp\/v2\/posts\/114344","targetHints":{"allow":["GET"]}}],"collection":[{"href":"https:\/\/linitiative.ca\/International\/wp-json\/wp\/v2\/posts"}],"about":[{"href":"https:\/\/linitiative.ca\/International\/wp-json\/wp\/v2\/types\/post"}],"author":[{"embeddable":true,"href":"https:\/\/linitiative.ca\/International\/wp-json\/wp\/v2\/users\/1742"}],"replies":[{"embeddable":true,"href":"https:\/\/linitiative.ca\/International\/wp-json\/wp\/v2\/comments?post=114344"}],"version-history":[{"count":0,"href":"https:\/\/linitiative.ca\/International\/wp-json\/wp\/v2\/posts\/114344\/revisions"}],"wp:attachment":[{"href":"https:\/\/linitiative.ca\/International\/wp-json\/wp\/v2\/media?parent=114344"}],"wp:term":[{"taxonomy":"category","embeddable":true,"href":"https:\/\/linitiative.ca\/International\/wp-json\/wp\/v2\/categories?post=114344"},{"taxonomy":"post_tag","embeddable":true,"href":"https:\/\/linitiative.ca\/International\/wp-json\/wp\/v2\/tags?post=114344"}],"curies":[{"name":"wp","href":"https:\/\/api.w.org\/{rel}","templated":true}]}}