{"id":114346,"date":"2021-04-05T05:30:00","date_gmt":"2021-04-05T09:30:00","guid":{"rendered":"https:\/\/linitiative.ca\/International\/lecole-bourahli-mohamed-un-etablissement-sans-ame\/"},"modified":"2021-04-05T05:30:00","modified_gmt":"2021-04-05T09:30:00","slug":"lecole-bourahli-mohamed-un-etablissement-sans-ame","status":"publish","type":"post","link":"https:\/\/linitiative.ca\/International\/lecole-bourahli-mohamed-un-etablissement-sans-ame\/","title":{"rendered":"L\u2019\u00e9cole Bourahli-Mohamed, un \u00e9tablissement sans \u00e2me"},"content":{"rendered":"<div id=\"originalText\" readability=\"55\">\n<p>D\u00e9plorable au point d\u2019inciter un attendrissement d\u00e9daigneux et insolent, tel est le sentiment que le plus commun des\u00a0 mortels\u00a0 aurait\u00a0 \u00e9prouv\u00e9\u00a0 pour d\u00e9crire la situation de\u00a0 l\u2019\u00e9cole\u00a0 Bourahli-Mohamed, situ\u00e9e\u00a0 \u00e0\u00a0 la cit\u00e9\u00a0 des 136-Logements, jouxtant le march\u00e9 des fruits et l\u00e9gumes \u00e0 Tiaret.\u00a0<\/p>\n<p>L\u2019insalubrit\u00e9, la\u00a0 d\u00e9gradation, la\u00a0 d\u00e9ch\u00e9ance\u00a0 infrastructurelle\u00a0 et\u00a0 bien d\u2019autres carences\u00a0 font\u00a0 partie\u00a0 du\u00a0 quotidien\u00a0 des\u00a0 \u00e9l\u00e8ves\u00a0 scolaris\u00e9s\u00a0 dans\u00a0 cet \u00e9tablissement, victime du mutisme des autorit\u00e9s locales, notamment l\u2019APC.<\/p>\n<p>\u201cEn d\u00e9pit de plusieurs correspondances\u00a0 adress\u00e9es par\u00a0 la directrice de l\u2019\u00e9cole \u00e0 qui de droit, pour une mise en garde contre d\u2019\u00e9ventuelles cons\u00e9quences, les responsables\u00a0 concern\u00e9s\u00a0 n\u2019ont\u00a0 jamais\u00a0 daign\u00e9\u00a0 bouger\u00a0 le\u00a0 petit\u00a0 doigt\u201d,\u00a0 s\u2019est lament\u00e9 un parent d\u2019\u00e9l\u00e8ve, qui\u00a0 estime\u00a0 que\u00a0 les\u00a0 \u00e9coliers\u00a0 qui\u00a0 fr\u00e9quentent\u00a0 cet \u00e9tablissement\u00a0 risquent\u00a0 gros\u00a0 si\u00a0 les\u00a0 autorit\u00e9s\u00a0 locales\u00a0 ne\u00a0 viennent\u00a0 pas\u00a0 \u00e0\u00a0 y apporter les am\u00e9nagements qui s\u2019imposent.<\/p>\n<\/div>\n<div id=\"text_core\" readability=\"55\">\n<p>D\u00e9plorable au point d\u2019inciter un attendrissement d\u00e9daigneux et insolent, tel est le sentiment que le plus commun des\u00a0 mortels\u00a0 aurait\u00a0 \u00e9prouv\u00e9\u00a0 pour d\u00e9crire la situation de\u00a0 l\u2019\u00e9cole\u00a0 Bourahli-Mohamed, situ\u00e9e\u00a0 \u00e0\u00a0 la cit\u00e9\u00a0 des 136-Logements, jouxtant le march\u00e9 des fruits et l\u00e9gumes \u00e0 Tiaret.\u00a0<\/p>\n<p>L\u2019insalubrit\u00e9, la\u00a0 d\u00e9gradation, la\u00a0 d\u00e9ch\u00e9ance\u00a0 infrastructurelle\u00a0 et\u00a0 bien d\u2019autres carences\u00a0 font\u00a0 partie\u00a0 du\u00a0 quotidien\u00a0 des\u00a0 \u00e9l\u00e8ves\u00a0 scolaris\u00e9s\u00a0 dans\u00a0 cet \u00e9tablissement, victime du mutisme des autorit\u00e9s locales, notamment l\u2019APC.<\/p>\n<p>\u201cEn d\u00e9pit de plusieurs correspondances\u00a0 adress\u00e9es par\u00a0 la directrice de l\u2019\u00e9cole \u00e0 qui de droit, pour une mise en garde contre d\u2019\u00e9ventuelles cons\u00e9quences, les responsables\u00a0 concern\u00e9s\u00a0 n\u2019ont\u00a0 jamais\u00a0 daign\u00e9\u00a0 bouger\u00a0 le\u00a0 petit\u00a0 doigt\u201d,\u00a0 s\u2019est lament\u00e9 un parent d\u2019\u00e9l\u00e8ve, qui\u00a0 estime\u00a0 que\u00a0 les\u00a0 \u00e9coliers\u00a0 qui\u00a0 fr\u00e9quentent\u00a0 cet \u00e9tablissement\u00a0 risquent\u00a0 gros\u00a0 si\u00a0 les\u00a0 autorit\u00e9s\u00a0 locales\u00a0 ne\u00a0 viennent\u00a0 pas\u00a0 \u00e0\u00a0 y apporter les am\u00e9nagements qui s\u2019imposent.<\/p>\n<\/div>\n<p>Auteur:<br \/>\n<a href=\"https:\/\/www.liberte-algerie.com\/radar\/lecole-bourahli-mohamed-un-etablissement-sans-ame-356650\">Cliquez ici pour lire l&rsquo;article depuis sa source.<\/a><\/p>\n","protected":false},"excerpt":{"rendered":"<p>D\u00e9plorable au point d\u2019inciter un attendrissement d\u00e9daigneux et insolent, tel est le sentiment que le plus commun des\u00a0 mortels\u00a0 aurait\u00a0 \u00e9prouv\u00e9\u00a0 pour d\u00e9crire la situation de\u00a0 l\u2019\u00e9cole\u00a0 Bourahli-Mohamed, situ\u00e9e\u00a0 \u00e0\u00a0 la cit\u00e9\u00a0 des 136-Logements, jouxtant le march\u00e9 des fruits et l\u00e9gumes \u00e0 Tiaret.\u00a0 L\u2019insalubrit\u00e9, la\u00a0 d\u00e9gradation, la\u00a0 d\u00e9ch\u00e9ance\u00a0 infrastructurelle\u00a0 et\u00a0 bien d\u2019autres carences\u00a0 font\u00a0 partie\u00a0 [&hellip;]<\/p>\n","protected":false},"author":1742,"featured_media":0,"comment_status":"closed","ping_status":"closed","sticky":false,"template":"","format":"standard","meta":{"fifu_image_url":"","fifu_image_alt":"","footnotes":""},"categories":[73,53],"tags":[],"class_list":["post-114346","post","type-post","status-publish","format-standard","hentry","category-actualite","category-algerie"],"_links":{"self":[{"href":"https:\/\/linitiative.ca\/International\/wp-json\/wp\/v2\/posts\/114346","targetHints":{"allow":["GET"]}}],"collection":[{"href":"https:\/\/linitiative.ca\/International\/wp-json\/wp\/v2\/posts"}],"about":[{"href":"https:\/\/linitiative.ca\/International\/wp-json\/wp\/v2\/types\/post"}],"author":[{"embeddable":true,"href":"https:\/\/linitiative.ca\/International\/wp-json\/wp\/v2\/users\/1742"}],"replies":[{"embeddable":true,"href":"https:\/\/linitiative.ca\/International\/wp-json\/wp\/v2\/comments?post=114346"}],"version-history":[{"count":0,"href":"https:\/\/linitiative.ca\/International\/wp-json\/wp\/v2\/posts\/114346\/revisions"}],"wp:attachment":[{"href":"https:\/\/linitiative.ca\/International\/wp-json\/wp\/v2\/media?parent=114346"}],"wp:term":[{"taxonomy":"category","embeddable":true,"href":"https:\/\/linitiative.ca\/International\/wp-json\/wp\/v2\/categories?post=114346"},{"taxonomy":"post_tag","embeddable":true,"href":"https:\/\/linitiative.ca\/International\/wp-json\/wp\/v2\/tags?post=114346"}],"curies":[{"name":"wp","href":"https:\/\/api.w.org\/{rel}","templated":true}]}}