{"id":114348,"date":"2021-04-05T05:00:34","date_gmt":"2021-04-05T09:00:34","guid":{"rendered":"https:\/\/linitiative.ca\/International\/covid-19-les-mesures-adoptees-mises-en-relief\/"},"modified":"2021-04-05T05:00:34","modified_gmt":"2021-04-05T09:00:34","slug":"covid-19-les-mesures-adoptees-mises-en-relief","status":"publish","type":"post","link":"https:\/\/linitiative.ca\/International\/covid-19-les-mesures-adoptees-mises-en-relief\/","title":{"rendered":"Covid-19: Les mesures adopt\u00e9es mises en relief"},"content":{"rendered":"<div readability=\"38\">\n<p>Marrakech- Les participants \u00e0 une conf\u00e9rence organis\u00e9e sous le th\u00e8me \u00ab\u00a0les d\u00e9buts de la Dynastie Alaouite au Maroc : histoire, patrimoine et d\u00e9veloppement\u00a0\u00bb ont mis en relief, dimanche \u00e0 Marrakech, la pertinence et l\u2019efficacit\u00e9 des mesures adopt\u00e9es par le Maroc dans sa gestion de la pand\u00e9mie du nouveau coronavirus (Covid-19).<\/p>\n<\/div>\n<div readability=\"98\">\n<p>Lors d\u2019une table ronde organis\u00e9e dans le cadre de cette conf\u00e9rence initi\u00e9e par la Fondation Moulay Ali Cherif Al-Mourrakouchi, en partenariat avec la Direction R\u00e9gionale de la Culture \u00e0 Marrakech et l\u2019Universit\u00e9 Cadi Ayyad (UCA), les intervenants ont mis en avant la sagesse et la vision clairvoyante de SM le Roi Mohammed VI qui ont permis au Royaume d\u2019\u00e9viter \u00ab\u00a0une catastrophe sanitaire aux cons\u00e9quences lourdes et n\u00e9fastes\u00a0\u00bb.<\/p>\n<p>Dans ce cadre, le pr\u00e9sident de l\u2019UCA de Marrakech, Moulay Hassan Hbid, a fait savoir que les mesures prises par le Royaume dans sa riposte contre la pand\u00e9mie, ont permis de hisser le Maroc au rang de mod\u00e8le au niveau international.<\/p>\n<p>\u00ab\u00a0Le g\u00e9nie marocain a \u00e9vit\u00e9 au Royaume une catastrophe sanitaire multidimensionnelle et ce, gr\u00e2ce \u00e0 des mesures proactives adopt\u00e9es par les diff\u00e9rents services et d\u00e9partements concern\u00e9s, sous la conduite \u00e9clair\u00e9e de SM le Roi Mohammed VI\u00a0\u00bb, a-t-il ajout\u00e9.<\/p>\n<p>Dans le m\u00eame ordre d\u2019id\u00e9es, le doyen de la Facult\u00e9 de M\u00e9decine et de Pharmacie, Mohamed Bousakraoui, a mis en avant la Vision clairvoyante de SM le Roi Mohammed VI dans la gestion de la pand\u00e9mie depuis son d\u00e9clenchement notamment, dans une conjoncture mondiale confuse et aux contours indistincts.<\/p>\n<p>\u00ab\u00a0Plusieurs pays d\u00e9velopp\u00e9s se sont trouv\u00e9s du jour au lendemain incapables de g\u00e9rer la pand\u00e9mie avec la m\u00eame efficience adopt\u00e9e par le Maroc, en d\u00e9pit des contraintes et d\u00e9fis internes au niveau socio\u00e9conomique\u00a0\u00bb, a-t-il insist\u00e9, notant que le Maroc r\u00e9coltera les fruits de cette gestion de la crise sanitaire \u00e0 travers la relance escompt\u00e9e dans les ann\u00e9es \u00e0 venir.<\/p>\n<p>M. Bousekraoui n\u2019a pas manqu\u00e9, par ailleurs, d\u2019indiquer que la Facult\u00e9 de m\u00e9decine et de pharmacie \u0153uvre \u00e0 cr\u00e9er un Observatoire acad\u00e9mique de la sant\u00e9 pour approfondir le d\u00e9bat scientifique et consacrer la prise de conscience de la culture sanitaire.<\/p>\n<p>L\u2019enseignante \u00e0 la Facult\u00e9 de m\u00e9decine et de pharmacie \u00e0 Marrakech, Pr. Nadia Mansouri, a pass\u00e9 en revue, quant \u00e0 elle, les diff\u00e9rentes mesures adopt\u00e9es par le Centre Hospitalier Universitaire (CHU) Mohammed VI ainsi que les m\u00e9canismes de gestion qui ont permis d\u2019enrayer la propagation de la Covid-19.<\/p>\n<p>En partant d\u2019une approche comparative historique, le conservateur du patrimoine culturel relevant de la Direction r\u00e9gionale de la culture \u00e0 Marrakech, Abdelmounaim\u00a0Jamal Abou Al Houda a, pour sa part, fait une comparaison entre plusieurs crises sanitaires qu\u2019a connues le Maroc dans son histoire et la pand\u00e9mie actuelle.<\/p>\n<p>M. Abou Al Houda a abord\u00e9 dans son intervention la peste qu\u2019avait connu le Maroc sous le r\u00e8gne des Marinides, en se r\u00e9f\u00e9rant aux ouvrages et \u00e9crits de plusieurs historiens de l\u2019\u00e9poque tels que Ibn Khaldoune et Lissane Eddine Ibn Al Khattib.<\/p>\n<\/div>\n<p>Auteur: Mohammed KOURSI<br \/>\n<a href=\"http:\/\/www.mapmarrakech.ma\/fr\/covid-19-les-mesures-adoptees-mises-en-relief\/\">Cliquez ici pour lire l&rsquo;article depuis sa source.<\/a><\/p>\n","protected":false},"excerpt":{"rendered":"<p>Marrakech- Les participants \u00e0 une conf\u00e9rence organis\u00e9e sous le th\u00e8me \u00ab\u00a0les d\u00e9buts de la Dynastie Alaouite au Maroc : histoire, patrimoine et d\u00e9veloppement\u00a0\u00bb ont mis en relief, dimanche \u00e0 Marrakech, la pertinence et l\u2019efficacit\u00e9 des mesures adopt\u00e9es par le Maroc dans sa gestion de la pand\u00e9mie du nouveau coronavirus (Covid-19). Lors d\u2019une table ronde organis\u00e9e [&hellip;]<\/p>\n","protected":false},"author":1788,"featured_media":0,"comment_status":"closed","ping_status":"closed","sticky":false,"template":"","format":"standard","meta":{"fifu_image_url":"","fifu_image_alt":"","footnotes":""},"categories":[54,76],"tags":[],"class_list":["post-114348","post","type-post","status-publish","format-standard","hentry","category-maroc","category-regions"],"_links":{"self":[{"href":"https:\/\/linitiative.ca\/International\/wp-json\/wp\/v2\/posts\/114348","targetHints":{"allow":["GET"]}}],"collection":[{"href":"https:\/\/linitiative.ca\/International\/wp-json\/wp\/v2\/posts"}],"about":[{"href":"https:\/\/linitiative.ca\/International\/wp-json\/wp\/v2\/types\/post"}],"author":[{"embeddable":true,"href":"https:\/\/linitiative.ca\/International\/wp-json\/wp\/v2\/users\/1788"}],"replies":[{"embeddable":true,"href":"https:\/\/linitiative.ca\/International\/wp-json\/wp\/v2\/comments?post=114348"}],"version-history":[{"count":0,"href":"https:\/\/linitiative.ca\/International\/wp-json\/wp\/v2\/posts\/114348\/revisions"}],"wp:attachment":[{"href":"https:\/\/linitiative.ca\/International\/wp-json\/wp\/v2\/media?parent=114348"}],"wp:term":[{"taxonomy":"category","embeddable":true,"href":"https:\/\/linitiative.ca\/International\/wp-json\/wp\/v2\/categories?post=114348"},{"taxonomy":"post_tag","embeddable":true,"href":"https:\/\/linitiative.ca\/International\/wp-json\/wp\/v2\/tags?post=114348"}],"curies":[{"name":"wp","href":"https:\/\/api.w.org\/{rel}","templated":true}]}}