{"id":114349,"date":"2021-04-05T11:37:54","date_gmt":"2021-04-05T15:37:54","guid":{"rendered":"https:\/\/linitiative.ca\/International\/reunion-jeudi-du-conseil-de-gouvernement\/"},"modified":"2021-04-05T11:37:54","modified_gmt":"2021-04-05T15:37:54","slug":"reunion-jeudi-du-conseil-de-gouvernement","status":"publish","type":"post","link":"https:\/\/linitiative.ca\/International\/reunion-jeudi-du-conseil-de-gouvernement\/","title":{"rendered":"R\u00e9union jeudi du Conseil de gouvernement"},"content":{"rendered":"<div class=\"single-featured\"><img alt=\"\" data-src=\"http:\/\/www.mapmarrakech.ma\/map\/uploads\/2021\/04\/Conseil-de-gouvernement-1.jpg\"\/><\/div>\n<div class=\"single-post-excerpt post-excerpt-bc\" readability=\"35\">\n<p>Une r\u00e9union du Conseil de gouvernement se tiendra jeudi prochain, sous la pr\u00e9sidence du Chef du gouvernement, Saad Dine El Otmani.<\/p>\n<\/div>\n<div class=\"entry-content clearfix single-post-content\" readability=\"59\">\n<p>Au d\u00e9but de cette r\u00e9union, le Conseil suivra une pr\u00e9sentation du Secr\u00e9taire g\u00e9n\u00e9ral du gouvernement sur les travaux des 200 r\u00e9unions du Conseil de gouvernement (avril 2017-avril 2021), indique le D\u00e9partement du chef du gouvernement dans un communiqu\u00e9.<\/p>\n<p>Le Conseil poursuivra ses travaux par l\u2019examen d\u2019un projet de loi modifiant et compl\u00e9tant la loi sur la soci\u00e9t\u00e9 en nom collectif, la soci\u00e9t\u00e9 en commandite simple, la soci\u00e9t\u00e9 en commandite par actions, la soci\u00e9t\u00e9 \u00e0 responsabilit\u00e9 limit\u00e9e et la soci\u00e9t\u00e9 en participation, ajoute la m\u00eame source.<\/p>\n<p>Le Conseil examinera, par la suite, trois projets de d\u00e9crets, dont le premier est relatif \u00e0 la prolongation de l\u2019\u00e9tat d\u2019urgence sanitaire sur l\u2019ensemble du territoire national pour lutter contre la propagation du Coronavirus (Covid-19), et les deuxi\u00e8me et troisi\u00e8me modifiant et compl\u00e9tant les deux d\u00e9crets fixant les modalit\u00e9s d\u2019application du R\u00e9gime collectif d\u2019allocation de retraite concernant les r\u00e9gimes g\u00e9n\u00e9ral et compl\u00e9mentaire.<\/p>\n<p>Le Conseil ach\u00e8vera ses travaux par l\u2019examen de propositions de nomination \u00e0 de hautes fonctions, conform\u00e9ment aux dispositions de l\u2019article 92 de la Constitution, conclut le communiqu\u00e9.<\/p>\n<\/div>\n<p>Auteur: Mohammed KOURSI<br \/>\n<a href=\"http:\/\/www.mapmarrakech.ma\/fr\/reunion-jeudi-du-conseil-de-gouvernement\/\">Cliquez ici pour lire l&rsquo;article depuis sa source.<\/a><\/p>\n","protected":false},"excerpt":{"rendered":"<p>Une r\u00e9union du Conseil de gouvernement se tiendra jeudi prochain, sous la pr\u00e9sidence du Chef du gouvernement, Saad Dine El Otmani. Au d\u00e9but de cette r\u00e9union, le Conseil suivra une pr\u00e9sentation du Secr\u00e9taire g\u00e9n\u00e9ral du gouvernement sur les travaux des 200 r\u00e9unions du Conseil de gouvernement (avril 2017-avril 2021), indique le D\u00e9partement du chef du [&hellip;]<\/p>\n","protected":false},"author":1788,"featured_media":0,"comment_status":"closed","ping_status":"closed","sticky":false,"template":"","format":"standard","meta":{"fifu_image_url":"http:\/\/www.mapmarrakech.ma\/map\/uploads\/2021\/04\/Conseil-de-gouvernement-1.jpg","fifu_image_alt":"R\u00e9union jeudi du Conseil de gouvernement","footnotes":""},"categories":[54,76],"tags":[],"class_list":["post-114349","post","type-post","status-publish","format-standard","hentry","category-maroc","category-regions"],"_links":{"self":[{"href":"https:\/\/linitiative.ca\/International\/wp-json\/wp\/v2\/posts\/114349","targetHints":{"allow":["GET"]}}],"collection":[{"href":"https:\/\/linitiative.ca\/International\/wp-json\/wp\/v2\/posts"}],"about":[{"href":"https:\/\/linitiative.ca\/International\/wp-json\/wp\/v2\/types\/post"}],"author":[{"embeddable":true,"href":"https:\/\/linitiative.ca\/International\/wp-json\/wp\/v2\/users\/1788"}],"replies":[{"embeddable":true,"href":"https:\/\/linitiative.ca\/International\/wp-json\/wp\/v2\/comments?post=114349"}],"version-history":[{"count":0,"href":"https:\/\/linitiative.ca\/International\/wp-json\/wp\/v2\/posts\/114349\/revisions"}],"wp:attachment":[{"href":"https:\/\/linitiative.ca\/International\/wp-json\/wp\/v2\/media?parent=114349"}],"wp:term":[{"taxonomy":"category","embeddable":true,"href":"https:\/\/linitiative.ca\/International\/wp-json\/wp\/v2\/categories?post=114349"},{"taxonomy":"post_tag","embeddable":true,"href":"https:\/\/linitiative.ca\/International\/wp-json\/wp\/v2\/tags?post=114349"}],"curies":[{"name":"wp","href":"https:\/\/api.w.org\/{rel}","templated":true}]}}