{"id":114351,"date":"2021-04-05T12:04:19","date_gmt":"2021-04-05T16:04:19","guid":{"rendered":"https:\/\/linitiative.ca\/International\/cloture-dune-conference-sur-les-debuts-de-la-dynastie-alaouite\/"},"modified":"2021-04-05T12:04:19","modified_gmt":"2021-04-05T16:04:19","slug":"cloture-dune-conference-sur-les-debuts-de-la-dynastie-alaouite","status":"publish","type":"post","link":"https:\/\/linitiative.ca\/International\/cloture-dune-conference-sur-les-debuts-de-la-dynastie-alaouite\/","title":{"rendered":"Cl\u00f4ture d\u2019une conf\u00e9rence sur les d\u00e9buts de la dynastie alaouite"},"content":{"rendered":"<div readability=\"38\">\n<p>Marrakech- Une conf\u00e9rence plac\u00e9e sous le th\u00e8me \u00ab\u00a0les d\u00e9buts de la Dynastie Alaouite au Maroc : histoire, patrimoine et d\u00e9veloppement\u00a0\u00bb a cl\u00f4tur\u00e9 ses travaux, dimanche \u00e0 Marrakech, avec la participation d\u2019un parterre de professeurs universitaires, de chercheurs et d\u2019acad\u00e9miciens.<\/p>\n<\/div>\n<div readability=\"87\">\n<p>Deux jours durant, cette rencontre scientifique a abord\u00e9 les premiers signes de l\u2019\u00e9tablissement de la Dynastie Alaouite et ses prolongements civilisationnels, ainsi que la contribution de ses Sultans Ch\u00e9rifiens au fa\u00e7onnement des contours de l\u2019identit\u00e9 marocaine, et ce gr\u00e2ce \u00e0 l\u2019addition de leurs qualit\u00e9s religieuses et spirituelles et de leur s\u00e9r\u00e9nit\u00e9 politique, sociale et \u00e9conomique.<\/p>\n<p>La c\u00e9r\u00e9monie de cl\u00f4ture a \u00e9t\u00e9 marqu\u00e9e notamment par la signature d\u2019une convention de partenariat entre le minist\u00e8re de la Culture, de la jeunesse et des sports (D\u00e9partement de la culture) et la Fondation Moulay Ali Cherif Al-Mourrakouchi, visant \u00e0 faire conna\u00eetre l\u2019histoire et la civilisation du Royaume sous le r\u00e8gne de la Dynastie Alaouite.<\/p>\n<p>Paraph\u00e9e par le ministre de la Culture, de la jeunesse et des sports, M. Othmane El Ferdaous, et le pr\u00e9sident de la Fondation Moulay Ali Cherif Al-Mourrakouchi, Moulay Slama Alaoui, en pr\u00e9sence du Wali de la r\u00e9gion\u00a0Marrakech-Safi, gouverneur de la pr\u00e9fecture de\u00a0Marrakech, M. Karim Kassi-Lahlou, la convention vise \u00e0 promouvoir les composantes de la culture marocaine et \u00e0 faciliter l\u2019acc\u00e8s des citoyens \u00e0 cette culture \u00e0 travers le renforcement des m\u00e9canismes du rayonnement et la diversification de l\u2019offre culturelle.<\/p>\n<p>Tenue sous le th\u00e8me \u00ab\u00a0la charge du pouvoir et la sagesse de la gouvernance\u00a0\u00bb, ce conclave a \u00e9t\u00e9 organis\u00e9 par la Fondation Moulay Ali Cherif Al-Mourrakouchi en partenariat avec la Direction r\u00e9gionale de la Culture \u00e0\u00a0Marrakech\u00a0et la Facult\u00e9 des Lettres relevant de l\u2019universit\u00e9 Cadi Ayyad (UCA).<\/p>\n<p>Cette conf\u00e9rence s\u2019est d\u00e9clin\u00e9e en trois sessions scientifiques. La premi\u00e8re a port\u00e9 sur \u00ab\u00a0le Maroc et le tournant du 11\u00e8me si\u00e8cle de l\u2019H\u00e9gire\/17\u00e8 si\u00e8cle, les conjonctures et les variables\u00a0\u00bb, alors que les deuxi\u00e8me et troisi\u00e8me sessions ont \u00e9t\u00e9 ax\u00e9es respectivement sur \u00ab\u00a0L\u2019\u00e9dification de l\u2019Etat et la comp\u00e9tence de la gouvernance\u00a0\u00bb et \u00ab\u00a0Le patrimoine culturel dans la ville de\u00a0Marrakech\u00a0\u00bb.<\/p>\n<p>Parall\u00e8lement aux travaux de cette conf\u00e9rence, il a \u00e9t\u00e9 proc\u00e9d\u00e9 \u00e0 l\u2019organisation par M. Khalid Naji, chercheur sp\u00e9cialiste en numismatique, d\u2019une exposition des monnaies marocaines au d\u00e9but de l\u2019\u00e8re de la Dynastie Alaouite.<\/p>\n<p>Par ailleurs, une table ronde s\u2019est tenue sur la strat\u00e9gie m\u00e9dicale de pr\u00e9vention et le renforcement des capacit\u00e9s du syst\u00e8me de sant\u00e9 au Maroc face \u00e0 la pand\u00e9mie de la Covid-19, en puisant dans l\u2019histoire du pays en mati\u00e8re de lutte contre les \u00e9pid\u00e9mies et pand\u00e9mies, avec la participation de repr\u00e9sentants de la Facult\u00e9 de m\u00e9decine et de pharmacie de\u00a0Marrakech.<\/p>\n<\/div>\n<p>Auteur: Mohammed KOURSI<br \/>\n<a href=\"http:\/\/www.mapmarrakech.ma\/fr\/cloture-dune-conference-sur-les-debuts-de-la-dynastie-alaouite\/\">Cliquez ici pour lire l&rsquo;article depuis sa source.<\/a><\/p>\n","protected":false},"excerpt":{"rendered":"<p>Marrakech- Une conf\u00e9rence plac\u00e9e sous le th\u00e8me \u00ab\u00a0les d\u00e9buts de la Dynastie Alaouite au Maroc : histoire, patrimoine et d\u00e9veloppement\u00a0\u00bb a cl\u00f4tur\u00e9 ses travaux, dimanche \u00e0 Marrakech, avec la participation d\u2019un parterre de professeurs universitaires, de chercheurs et d\u2019acad\u00e9miciens. Deux jours durant, cette rencontre scientifique a abord\u00e9 les premiers signes de l\u2019\u00e9tablissement de la Dynastie [&hellip;]<\/p>\n","protected":false},"author":1788,"featured_media":0,"comment_status":"closed","ping_status":"closed","sticky":false,"template":"","format":"standard","meta":{"fifu_image_url":"","fifu_image_alt":"","footnotes":""},"categories":[54,76],"tags":[],"class_list":["post-114351","post","type-post","status-publish","format-standard","hentry","category-maroc","category-regions"],"_links":{"self":[{"href":"https:\/\/linitiative.ca\/International\/wp-json\/wp\/v2\/posts\/114351","targetHints":{"allow":["GET"]}}],"collection":[{"href":"https:\/\/linitiative.ca\/International\/wp-json\/wp\/v2\/posts"}],"about":[{"href":"https:\/\/linitiative.ca\/International\/wp-json\/wp\/v2\/types\/post"}],"author":[{"embeddable":true,"href":"https:\/\/linitiative.ca\/International\/wp-json\/wp\/v2\/users\/1788"}],"replies":[{"embeddable":true,"href":"https:\/\/linitiative.ca\/International\/wp-json\/wp\/v2\/comments?post=114351"}],"version-history":[{"count":0,"href":"https:\/\/linitiative.ca\/International\/wp-json\/wp\/v2\/posts\/114351\/revisions"}],"wp:attachment":[{"href":"https:\/\/linitiative.ca\/International\/wp-json\/wp\/v2\/media?parent=114351"}],"wp:term":[{"taxonomy":"category","embeddable":true,"href":"https:\/\/linitiative.ca\/International\/wp-json\/wp\/v2\/categories?post=114351"},{"taxonomy":"post_tag","embeddable":true,"href":"https:\/\/linitiative.ca\/International\/wp-json\/wp\/v2\/tags?post=114351"}],"curies":[{"name":"wp","href":"https:\/\/api.w.org\/{rel}","templated":true}]}}