{"id":114354,"date":"2021-04-04T18:40:24","date_gmt":"2021-04-04T22:40:24","guid":{"rendered":"https:\/\/linitiative.ca\/International\/guercif-881-beneficiaires-dune-caravane-medicale-en-ophtalmologie\/"},"modified":"2021-04-04T18:40:24","modified_gmt":"2021-04-04T22:40:24","slug":"guercif-881-beneficiaires-dune-caravane-medicale-en-ophtalmologie","status":"publish","type":"post","link":"https:\/\/linitiative.ca\/International\/guercif-881-beneficiaires-dune-caravane-medicale-en-ophtalmologie\/","title":{"rendered":"Guercif : 881 b\u00e9n\u00e9ficiaires d\u2019une caravane m\u00e9dicale en ophtalmologie"},"content":{"rendered":"<p class=\"c4\">Quelque 881 personnes ont b\u00e9n\u00e9fici\u00e9 d\u2019une caravane m\u00e9dicale en ophtalmologie organis\u00e9e \u00e0 Guercif, du 1er au 3 avril courant, \u00e0 l\u2019initiative de l\u2019Association Nour des maladies oculaires.<\/p>\n<p class=\"c4\">Cette campagne m\u00e9dicale a \u00e9t\u00e9 r\u00e9alis\u00e9e en partenariat et en coop\u00e9ration avec la pr\u00e9fecture de la province de Guercif, la d\u00e9l\u00e9gation provinciale de la Sant\u00e9 et les conseils provincial et communal.<\/p>\n<p class=\"c4\">Selon les organisateurs, cette initiative a comport\u00e9 plusieurs activit\u00e9s, dont la mesure de l\u2019acuit\u00e9 visuelle et la correction optique au profit des b\u00e9n\u00e9ficiaires qui avaient un rendez-vous m\u00e9dical \u00e0 l\u2019h\u00f4pital provincial de Guercif, en plus du d\u00e9pistage de maladies de l\u2019\u0153il qui n\u00e9cessitent une intervention chirurgicale.<\/p>\n<p class=\"c4\">La campagne a profit\u00e9 \u00e0 661 adultes, dont 479 femmes, et 220 enfants (130 filles et 90 gar\u00e7ons), ont pr\u00e9cis\u00e9 les responsables de l\u2019Association Nour, faisant savoir que 98 personnes atteintes de la cataracte ont b\u00e9n\u00e9fici\u00e9 de cette initiative.<\/p>\n<p class=\"c4\">Le d\u00e9l\u00e9gu\u00e9 provincial de la Sant\u00e9, Hicham Alaoui Isma\u00efli, a indiqu\u00e9 dans une d\u00e9claration \u00e0 la Map que cette campagne m\u00e9dicale tend \u00e0 r\u00e9duire le d\u00e9lai des rendez-vous m\u00e9dicaux et le nombre des patients inscrits sur la liste d\u2019attente.<\/p>\n<p class=\"c4\">Il a ajout\u00e9 que cette initiative rentre dans le sillage des efforts d\u00e9ploy\u00e9s pour am\u00e9liorer la qualit\u00e9 des services de sant\u00e9 et les rapprocher des citoyens de la province, mettant en avant la mobilisation importante des acteurs de la soci\u00e9t\u00e9 civile oeuvrant dans le domaine de la sant\u00e9 et de l\u2019ensemble des partenaires et intervenants dans ce domaine.<\/p>\n<p class=\"c4\">La d\u00e9l\u00e9gation de la Sant\u00e9 compte organiser deux autres caravanes m\u00e9dicales, dont la premi\u00e8re pour r\u00e9aliser des interventions contre la cataracte, et la seconde pour les maladies cardiovasculaires, a-t-il encore ajout\u00e9.<\/p>\n<p class=\"c4\">Dans une d\u00e9claration similaire, l\u2019un des b\u00e9n\u00e9ficiaires a exprim\u00e9 sa gratitude au staff m\u00e9dical mobilis\u00e9 dans le cadre de cette caravane qui lui a permis de b\u00e9n\u00e9ficier d\u2019une consultation ophtalmologique compl\u00e8te, relevant que cette initiative a mis fin \u00e0 ses souffrances avec la baisse de l\u2019acuit\u00e9 visuelle.<\/p>\n<p class=\"c4\">Le staff m\u00e9dical \u00e9tait compos\u00e9 de onze m\u00e9decins sp\u00e9cialistes en ophtalmologie, quatre sp\u00e9cialistes dans la r\u00e9\u00e9ducation des yeux et dix infirmi\u00e8res stagiaires.<\/p>\n<p>Auteur: Soufiane ELAHMAR<br \/>\n<a href=\"http:\/\/www.mapoujda.ma\/fr\/guercif-881-beneficiaires-dune-caravane-medicale-en-ophtalmologie\/\">Cliquez ici pour lire l&rsquo;article depuis sa source.<\/a><\/p>\n","protected":false},"excerpt":{"rendered":"<p>Quelque 881 personnes ont b\u00e9n\u00e9fici\u00e9 d\u2019une caravane m\u00e9dicale en ophtalmologie organis\u00e9e \u00e0 Guercif, du 1er au 3 avril courant, \u00e0 l\u2019initiative de l\u2019Association Nour des maladies oculaires. Cette campagne m\u00e9dicale a \u00e9t\u00e9 r\u00e9alis\u00e9e en partenariat et en coop\u00e9ration avec la pr\u00e9fecture de la province de Guercif, la d\u00e9l\u00e9gation provinciale de la Sant\u00e9 et les conseils [&hellip;]<\/p>\n","protected":false},"author":1788,"featured_media":0,"comment_status":"closed","ping_status":"closed","sticky":false,"template":"","format":"standard","meta":{"fifu_image_url":"","fifu_image_alt":"","footnotes":""},"categories":[54,76],"tags":[],"class_list":["post-114354","post","type-post","status-publish","format-standard","hentry","category-maroc","category-regions"],"_links":{"self":[{"href":"https:\/\/linitiative.ca\/International\/wp-json\/wp\/v2\/posts\/114354","targetHints":{"allow":["GET"]}}],"collection":[{"href":"https:\/\/linitiative.ca\/International\/wp-json\/wp\/v2\/posts"}],"about":[{"href":"https:\/\/linitiative.ca\/International\/wp-json\/wp\/v2\/types\/post"}],"author":[{"embeddable":true,"href":"https:\/\/linitiative.ca\/International\/wp-json\/wp\/v2\/users\/1788"}],"replies":[{"embeddable":true,"href":"https:\/\/linitiative.ca\/International\/wp-json\/wp\/v2\/comments?post=114354"}],"version-history":[{"count":0,"href":"https:\/\/linitiative.ca\/International\/wp-json\/wp\/v2\/posts\/114354\/revisions"}],"wp:attachment":[{"href":"https:\/\/linitiative.ca\/International\/wp-json\/wp\/v2\/media?parent=114354"}],"wp:term":[{"taxonomy":"category","embeddable":true,"href":"https:\/\/linitiative.ca\/International\/wp-json\/wp\/v2\/categories?post=114354"},{"taxonomy":"post_tag","embeddable":true,"href":"https:\/\/linitiative.ca\/International\/wp-json\/wp\/v2\/tags?post=114354"}],"curies":[{"name":"wp","href":"https:\/\/api.w.org\/{rel}","templated":true}]}}