{"id":114356,"date":"2021-04-05T07:57:41","date_gmt":"2021-04-05T11:57:41","guid":{"rendered":"https:\/\/linitiative.ca\/International\/licone-de-la-chanson-populaire-hajja-el-hamdaouia-nest-plus\/"},"modified":"2021-04-05T07:57:41","modified_gmt":"2021-04-05T11:57:41","slug":"licone-de-la-chanson-populaire-hajja-el-hamdaouia-nest-plus","status":"publish","type":"post","link":"https:\/\/linitiative.ca\/International\/licone-de-la-chanson-populaire-hajja-el-hamdaouia-nest-plus\/","title":{"rendered":"L\u2019ic\u00f4ne de la chanson populaire Hajja El Hamdaouia n\u2019est plus"},"content":{"rendered":"<div class=\"single-featured\"><img alt=\"\" data-src=\"http:\/\/www.mapoujda.ma\/map\/uploads\/2021\/04\/HAjja-Hamdaouia-750\u00d7430-MAP.jpg\"\/><\/div>\n<div class=\"entry-content clearfix single-post-content\" readability=\"48\">\n<p class=\"c4\">L\u2019ic\u00f4ne de la chanson populaire marocaine Hajja El Hamdaouia s\u2019est \u00e9teinte lundi matin dans un h\u00f4pital \u00e0 Rabat, \u00e0 l\u2019\u00e2ge de 91 ans, des suites d\u2019une longue maladie, a-t-on appris aupr\u00e8s de sa famille.<\/p>\n<p class=\"c4\">L\u2019un des monuments de l\u2019art de l\u2019A\u00efta, Hajja El Hamdaouia a marqu\u00e9 de son empreinte le r\u00e9pertoire musical populaire pendant des d\u00e9cennies. Ses chansons cultes comme \u00ab\u00a0Daba Yji\u00a0\u00bb, \u00ab\u00a0Jiti Majiti\u00a0\u00bb, \u00ab\u00a0Mama Hyani\u00a0\u00bb, ont inspir\u00e9 plusieurs g\u00e9n\u00e9rations d\u2019artistes marocains.<\/p>\n<p class=\"c4\">La d\u00e9funte sera inhum\u00e9e au cimeti\u00e8re Achouhada \u00e0 Casablanca, selon la m\u00eame source.<\/p>\n<\/div>\n<p>Auteur: Soufiane ELAHMAR<br \/>\n<a href=\"http:\/\/www.mapoujda.ma\/fr\/licone-de-la-chanson-populaire-hajja-el-hamdaouia-nest-plus\/\">Cliquez ici pour lire l&rsquo;article depuis sa source.<\/a><\/p>\n","protected":false},"excerpt":{"rendered":"<p>L\u2019ic\u00f4ne de la chanson populaire marocaine Hajja El Hamdaouia s\u2019est \u00e9teinte lundi matin dans un h\u00f4pital \u00e0 Rabat, \u00e0 l\u2019\u00e2ge de 91 ans, des suites d\u2019une longue maladie, a-t-on appris aupr\u00e8s de sa famille. L\u2019un des monuments de l\u2019art de l\u2019A\u00efta, Hajja El Hamdaouia a marqu\u00e9 de son empreinte le r\u00e9pertoire musical populaire pendant des [&hellip;]<\/p>\n","protected":false},"author":1788,"featured_media":0,"comment_status":"closed","ping_status":"closed","sticky":false,"template":"","format":"standard","meta":{"fifu_image_url":"http:\/\/www.mapoujda.ma\/map\/uploads\/2021\/04\/HAjja-Hamdaouia-750\u00d7430-MAP.jpg","fifu_image_alt":"L\u2019ic\u00f4ne de la chanson populaire Hajja El Hamdaouia n\u2019est plus","footnotes":""},"categories":[54,76],"tags":[],"class_list":["post-114356","post","type-post","status-publish","format-standard","hentry","category-maroc","category-regions"],"_links":{"self":[{"href":"https:\/\/linitiative.ca\/International\/wp-json\/wp\/v2\/posts\/114356","targetHints":{"allow":["GET"]}}],"collection":[{"href":"https:\/\/linitiative.ca\/International\/wp-json\/wp\/v2\/posts"}],"about":[{"href":"https:\/\/linitiative.ca\/International\/wp-json\/wp\/v2\/types\/post"}],"author":[{"embeddable":true,"href":"https:\/\/linitiative.ca\/International\/wp-json\/wp\/v2\/users\/1788"}],"replies":[{"embeddable":true,"href":"https:\/\/linitiative.ca\/International\/wp-json\/wp\/v2\/comments?post=114356"}],"version-history":[{"count":0,"href":"https:\/\/linitiative.ca\/International\/wp-json\/wp\/v2\/posts\/114356\/revisions"}],"wp:attachment":[{"href":"https:\/\/linitiative.ca\/International\/wp-json\/wp\/v2\/media?parent=114356"}],"wp:term":[{"taxonomy":"category","embeddable":true,"href":"https:\/\/linitiative.ca\/International\/wp-json\/wp\/v2\/categories?post=114356"},{"taxonomy":"post_tag","embeddable":true,"href":"https:\/\/linitiative.ca\/International\/wp-json\/wp\/v2\/tags?post=114356"}],"curies":[{"name":"wp","href":"https:\/\/api.w.org\/{rel}","templated":true}]}}