{"id":114358,"date":"2021-04-05T11:23:18","date_gmt":"2021-04-05T15:23:18","guid":{"rendered":"https:\/\/linitiative.ca\/International\/renault-maroc-mohamed-bennani-nouveau-dg-de-la-marque\/"},"modified":"2021-04-05T11:23:18","modified_gmt":"2021-04-05T15:23:18","slug":"renault-maroc-mohamed-bennani-nouveau-dg-de-la-marque","status":"publish","type":"post","link":"https:\/\/linitiative.ca\/International\/renault-maroc-mohamed-bennani-nouveau-dg-de-la-marque\/","title":{"rendered":"Renault Maroc: Mohamed Bennani nouveau DG de la marque"},"content":{"rendered":"<p class=\"rtejustify\">Le Groupe Renault vient de nommer un nouveau directeur g\u00e9n\u00e9ral de la marque au Maroc. Il s\u2019agit de Mohammed Bennani, qui est rattach\u00e9 hi\u00e9rarchiquement \u00e0 Guillaume Josselin, directeur commercial de la marque Renault, Cluster Europe et Maghreb. Mohamed Bennani, qui a rejoint le constructeur fran\u00e7ais en 1989, a pour mission d\u2019impl\u00e9menter la nouvelle strat\u00e9gie \u00ab\u00a0Renaulution\u00a0\u00bb\u00a0de la marque Renault au Maroc ainsi que le d\u00e9veloppement de ses activit\u00e9s commerciales, indique le Groupe.<\/p>\n<p class=\"rtejustify\">Dipl\u00f4m\u00e9 de l\u2019\u00c9cole nationale sup\u00e9rieure de m\u00e9canique et des microtechniques de Besan\u00e7on et d\u2019une formation au management \u00e0 l\u2019INSEAD, Bennani a occup\u00e9 plusieurs postes de responsabilit\u00e9s au sein du groupe. Entre autres, ceux de directeur des ventes et r\u00e9seau de Renault Commerce Maroc &#8211; Casablanca (2011), directeur des ventes et r\u00e9seau Renault Afrique du Sud &#8211; Johannesburg (2018) et directeur performances des ventes et r\u00e9seau de la r\u00e9gion Afrique Middle-East Pacifique &#8211; Duba\u00ef (2019).<\/p>\n<p class=\"rtejustify\">Le Groupe\u00a0a par ailleurs nomm\u00e9 Fabrice Crevola au poste de DG de la marque Dacia au Maroc. Crevola conserve aussi son poste de DG de Renault Commerce Maroc.<\/p>\n<p>Auteur: hgueye<br \/>\n<a href=\"https:\/\/www.leconomiste.com\/flash-infos\/renault-maroc-mohamed-bennani-nouveau-dg-de-la-marque\">Cliquez ici pour lire l&rsquo;article depuis sa source.<\/a><\/p>\n","protected":false},"excerpt":{"rendered":"<p>Le Groupe Renault vient de nommer un nouveau directeur g\u00e9n\u00e9ral de la marque au Maroc. Il s\u2019agit de Mohammed Bennani, qui est rattach\u00e9 hi\u00e9rarchiquement \u00e0 Guillaume Josselin, directeur commercial de la marque Renault, Cluster Europe et Maghreb. Mohamed Bennani, qui a rejoint le constructeur fran\u00e7ais en 1989, a pour mission d\u2019impl\u00e9menter la nouvelle strat\u00e9gie \u00ab\u00a0Renaulution\u00a0\u00bb\u00a0de [&hellip;]<\/p>\n","protected":false},"author":1763,"featured_media":0,"comment_status":"closed","ping_status":"closed","sticky":false,"template":"","format":"standard","meta":{"fifu_image_url":"","fifu_image_alt":"","footnotes":""},"categories":[78,54],"tags":[],"class_list":["post-114358","post","type-post","status-publish","format-standard","hentry","category-economie","category-maroc"],"_links":{"self":[{"href":"https:\/\/linitiative.ca\/International\/wp-json\/wp\/v2\/posts\/114358","targetHints":{"allow":["GET"]}}],"collection":[{"href":"https:\/\/linitiative.ca\/International\/wp-json\/wp\/v2\/posts"}],"about":[{"href":"https:\/\/linitiative.ca\/International\/wp-json\/wp\/v2\/types\/post"}],"author":[{"embeddable":true,"href":"https:\/\/linitiative.ca\/International\/wp-json\/wp\/v2\/users\/1763"}],"replies":[{"embeddable":true,"href":"https:\/\/linitiative.ca\/International\/wp-json\/wp\/v2\/comments?post=114358"}],"version-history":[{"count":0,"href":"https:\/\/linitiative.ca\/International\/wp-json\/wp\/v2\/posts\/114358\/revisions"}],"wp:attachment":[{"href":"https:\/\/linitiative.ca\/International\/wp-json\/wp\/v2\/media?parent=114358"}],"wp:term":[{"taxonomy":"category","embeddable":true,"href":"https:\/\/linitiative.ca\/International\/wp-json\/wp\/v2\/categories?post=114358"},{"taxonomy":"post_tag","embeddable":true,"href":"https:\/\/linitiative.ca\/International\/wp-json\/wp\/v2\/tags?post=114358"}],"curies":[{"name":"wp","href":"https:\/\/api.w.org\/{rel}","templated":true}]}}