{"id":114359,"date":"2021-04-05T11:45:47","date_gmt":"2021-04-05T15:45:47","guid":{"rendered":"https:\/\/linitiative.ca\/International\/automobile-les-ventes-en-hausse-de-374-au-t1\/"},"modified":"2021-04-05T11:45:47","modified_gmt":"2021-04-05T15:45:47","slug":"automobile-les-ventes-en-hausse-de-374-au-t1","status":"publish","type":"post","link":"https:\/\/linitiative.ca\/International\/automobile-les-ventes-en-hausse-de-374-au-t1\/","title":{"rendered":"Automobile: Les ventes en hausse de 37,4% au T1"},"content":{"rendered":"<p class=\"rtejustify\">Le march\u00e9 de l&rsquo;automobile semble reprendre de l&rsquo;allant. Les ventes de voitures neuves ont totalis\u00e9\u00a0quelque\u00a044.163 unit\u00e9s sur les tris premiers mois de 2021, en progression de 37,4% par rapport \u00e0 fin mars 2020, selon l&rsquo;Association des importateurs de v\u00e9hicules automobiles au Maroc (AIVAM).<\/p>\n<p class=\"rtejustify\">Dans le d\u00e9tail, les ventes de\u00a0voitures particuli\u00e8res (VP) ont augment\u00e9 de 37,05% \u00e0 39.129 unit\u00e9s, alors que celles de v\u00e9hicules utilitaires l\u00e9gers VUL ont bondi de 40,14% \u00e0 5.034 unit\u00e9s). Selon l&rsquo;AIVAM, la\u00a0marque Dacia continue de dominer le segment VP, avec une part de march\u00e9 de 29% et des ventes en croissance de 25,1% \u00e0 11.349 voitures, suivie de Renault (5.133 immatriculations et une part de 13,12%) et Hyundai (3.140 unit\u00e9s et une part de 8,02%). De son c\u00f4t\u00e9, Ford a vu ses ventes bondir de 75,71% \u00e0 1.172 unit\u00e9s, tandis que Citro\u00ebn et Fiat ont r\u00e9ussi \u00e0 \u00e9couler respectivement 1.760 et 1.258 voitures, soit des hausses respectives de 11,25% et 7,16%.<\/p>\n<p class=\"rtejustify\">Pour ce qui est du segment VUL, DFSK est arriv\u00e9 en t\u00eate avec un cumul de ventes de 1.081 unit\u00e9s correspondant \u00e0 une part de march\u00e9 de 21,47%, devan\u00e7ant Dacia (576 unit\u00e9s) et Renault (599 unit\u00e9s). Sur le segment du premium, Audi a augment\u00e9 ses ventes de 143,55% \u00e0 906 unit\u00e9s \u00e0 fin mars 2021, soit une part de march\u00e9 de 2,32%, suivie de Mercedes (733 v\u00e9hicules avec une part de 1,87%) et de BMW (719 unit\u00e9s avec une part de 1,84%). Pour le seul mois de mars, les ventes de voitures neuves ont rebondi de 165,14% \u00e0 16.717 immatriculations, dont 14.908 VP et 1.809 VUL.<\/p>\n<p>Auteur: hgueye<br \/>\n<a href=\"https:\/\/www.leconomiste.com\/flash-infos\/automobile-les-ventes-en-hausse-de-37-4-au-t1\">Cliquez ici pour lire l&rsquo;article depuis sa source.<\/a><\/p>\n","protected":false},"excerpt":{"rendered":"<p>Le march\u00e9 de l&rsquo;automobile semble reprendre de l&rsquo;allant. Les ventes de voitures neuves ont totalis\u00e9\u00a0quelque\u00a044.163 unit\u00e9s sur les tris premiers mois de 2021, en progression de 37,4% par rapport \u00e0 fin mars 2020, selon l&rsquo;Association des importateurs de v\u00e9hicules automobiles au Maroc (AIVAM). Dans le d\u00e9tail, les ventes de\u00a0voitures particuli\u00e8res (VP) ont augment\u00e9 de 37,05% [&hellip;]<\/p>\n","protected":false},"author":1763,"featured_media":0,"comment_status":"closed","ping_status":"closed","sticky":false,"template":"","format":"standard","meta":{"fifu_image_url":"","fifu_image_alt":"","footnotes":""},"categories":[78,54],"tags":[],"class_list":["post-114359","post","type-post","status-publish","format-standard","hentry","category-economie","category-maroc"],"_links":{"self":[{"href":"https:\/\/linitiative.ca\/International\/wp-json\/wp\/v2\/posts\/114359","targetHints":{"allow":["GET"]}}],"collection":[{"href":"https:\/\/linitiative.ca\/International\/wp-json\/wp\/v2\/posts"}],"about":[{"href":"https:\/\/linitiative.ca\/International\/wp-json\/wp\/v2\/types\/post"}],"author":[{"embeddable":true,"href":"https:\/\/linitiative.ca\/International\/wp-json\/wp\/v2\/users\/1763"}],"replies":[{"embeddable":true,"href":"https:\/\/linitiative.ca\/International\/wp-json\/wp\/v2\/comments?post=114359"}],"version-history":[{"count":0,"href":"https:\/\/linitiative.ca\/International\/wp-json\/wp\/v2\/posts\/114359\/revisions"}],"wp:attachment":[{"href":"https:\/\/linitiative.ca\/International\/wp-json\/wp\/v2\/media?parent=114359"}],"wp:term":[{"taxonomy":"category","embeddable":true,"href":"https:\/\/linitiative.ca\/International\/wp-json\/wp\/v2\/categories?post=114359"},{"taxonomy":"post_tag","embeddable":true,"href":"https:\/\/linitiative.ca\/International\/wp-json\/wp\/v2\/tags?post=114359"}],"curies":[{"name":"wp","href":"https:\/\/api.w.org\/{rel}","templated":true}]}}