{"id":114360,"date":"2021-04-05T12:26:06","date_gmt":"2021-04-05T16:26:06","guid":{"rendered":"https:\/\/linitiative.ca\/International\/maroc-senegal-deux-accords-signes-a-dakhla\/"},"modified":"2021-04-05T12:26:06","modified_gmt":"2021-04-05T16:26:06","slug":"maroc-senegal-deux-accords-signes-a-dakhla","status":"publish","type":"post","link":"https:\/\/linitiative.ca\/International\/maroc-senegal-deux-accords-signes-a-dakhla\/","title":{"rendered":"Maroc-S\u00e9n\u00e9gal: Deux accords sign\u00e9s \u00e0 Dakhla"},"content":{"rendered":"<p class=\"rtejustify\">Le Maroc et le S\u00e9n\u00e9gal ont sign\u00e9, lundi \u00e0 Dakhla, deux accords de coop\u00e9ration et un m\u00e9morandum d\u2019entente destin\u00e9s \u00e0 promouvoir leur partenariat dans les domaines de la d\u00e9centralisation, des technologies de l&rsquo;information et de la communication (TIC) et de l\u2019aviation civile.<\/p>\n<p class=\"rtejustify\">Ces accords, conclus en marge de l&rsquo;ouverture du consulat du S\u00e9n\u00e9gal \u00e0 Dakhla. Le premier porte sur la coop\u00e9ration en mati\u00e8re de d\u00e9centralisation et d\u00e9finit le cadre de coop\u00e9ration entre les deux pays dans ce domaine. \u00ab\u00a0Cette coop\u00e9ration va se concr\u00e9tiser \u00e0 travers la redynamisation entre les Collectivit\u00e9s territoriales marocaines et s\u00e9n\u00e9galaises des relations de jumelage, la mise en \u0153uvre effective des conventions de coop\u00e9ration et de partenariat, l\u2019\u00e9change d\u2019exp\u00e9riences et de connaissances en mati\u00e8re de gouvernance locale et de gestion de proximit\u00e9 des entit\u00e9s d\u00e9centralis\u00e9es\u00a0\u00bb, indique-t-on. Quant au deuxi\u00e8me accord, il porte sur la coop\u00e9ration dans le domaine des TIC et permettra de \u00ab\u00a0fixer le cadre d\u2019\u00e9change et de collaboration dans le domaine des TIC en vue d\u2019un d\u00e9veloppement \u00e9conomique, social et culturel des deux pays\u00a0\u00bb.<\/p>\n<p class=\"rtejustify\">Enfin, dans le domaine de l&rsquo;aviation, les deux pays vont d\u00e9velopper la coop\u00e9ration technique dans le domaine de l&rsquo;aviation civile. Dans ce sens, des mesures seront prise pour r\u00e9aliser un programme d\u2019actions de partenariat articul\u00e9s autour de plusieurs axes aff\u00e9rents entre autres \u00e0 l\u2019assistance technique en mati\u00e8re de s\u00e9curit\u00e9 et de s\u00fbret\u00e9 de l\u2019aviation civile ainsi que l\u2019assistance en mati\u00e8re de d\u00e9veloppement du transport a\u00e9rien.<\/p>\n<p>Auteur: hgueye<br \/>\n<a href=\"https:\/\/www.leconomiste.com\/flash-infos\/maroc-senegal-deux-accords-signes-dakhla\">Cliquez ici pour lire l&rsquo;article depuis sa source.<\/a><\/p>\n","protected":false},"excerpt":{"rendered":"<p>Le Maroc et le S\u00e9n\u00e9gal ont sign\u00e9, lundi \u00e0 Dakhla, deux accords de coop\u00e9ration et un m\u00e9morandum d\u2019entente destin\u00e9s \u00e0 promouvoir leur partenariat dans les domaines de la d\u00e9centralisation, des technologies de l&rsquo;information et de la communication (TIC) et de l\u2019aviation civile. Ces accords, conclus en marge de l&rsquo;ouverture du consulat du S\u00e9n\u00e9gal \u00e0 Dakhla. [&hellip;]<\/p>\n","protected":false},"author":1763,"featured_media":0,"comment_status":"closed","ping_status":"closed","sticky":false,"template":"","format":"standard","meta":{"fifu_image_url":"","fifu_image_alt":"","footnotes":""},"categories":[78,54],"tags":[],"class_list":["post-114360","post","type-post","status-publish","format-standard","hentry","category-economie","category-maroc"],"_links":{"self":[{"href":"https:\/\/linitiative.ca\/International\/wp-json\/wp\/v2\/posts\/114360","targetHints":{"allow":["GET"]}}],"collection":[{"href":"https:\/\/linitiative.ca\/International\/wp-json\/wp\/v2\/posts"}],"about":[{"href":"https:\/\/linitiative.ca\/International\/wp-json\/wp\/v2\/types\/post"}],"author":[{"embeddable":true,"href":"https:\/\/linitiative.ca\/International\/wp-json\/wp\/v2\/users\/1763"}],"replies":[{"embeddable":true,"href":"https:\/\/linitiative.ca\/International\/wp-json\/wp\/v2\/comments?post=114360"}],"version-history":[{"count":0,"href":"https:\/\/linitiative.ca\/International\/wp-json\/wp\/v2\/posts\/114360\/revisions"}],"wp:attachment":[{"href":"https:\/\/linitiative.ca\/International\/wp-json\/wp\/v2\/media?parent=114360"}],"wp:term":[{"taxonomy":"category","embeddable":true,"href":"https:\/\/linitiative.ca\/International\/wp-json\/wp\/v2\/categories?post=114360"},{"taxonomy":"post_tag","embeddable":true,"href":"https:\/\/linitiative.ca\/International\/wp-json\/wp\/v2\/tags?post=114360"}],"curies":[{"name":"wp","href":"https:\/\/api.w.org\/{rel}","templated":true}]}}