{"id":114361,"date":"2021-04-05T13:05:12","date_gmt":"2021-04-05T17:05:12","guid":{"rendered":"https:\/\/linitiative.ca\/International\/covid19-435-millions-de-vaccines-62-000-nouvelles-doses-injectees\/"},"modified":"2021-04-05T13:05:12","modified_gmt":"2021-04-05T17:05:12","slug":"covid19-435-millions-de-vaccines-62-000-nouvelles-doses-injectees","status":"publish","type":"post","link":"https:\/\/linitiative.ca\/International\/covid19-435-millions-de-vaccines-62-000-nouvelles-doses-injectees\/","title":{"rendered":"Covid19: 4,35 millions de vaccin\u00e9s, 62.000 nouvelles doses inject\u00e9es"},"content":{"rendered":"<p class=\"rtejustify\">Un total de 132 nouveaux cas d&rsquo;infection au coronavirus et de 241\u00a0gu\u00e9risons a \u00e9t\u00e9 enregistr\u00e9 au cours des derni\u00e8res 24 heures au Maroc, a annonc\u00e9 lundi le minist\u00e8re de la Sant\u00e9. Le nombre des personnes vaccin\u00e9es \u00e0 ce jour (dose 1) a atteint 4.352.033 avec 3.038 nouvelles vaccinations, alors que\u00a03.951.023 ont re\u00e7u la deuxi\u00e8me dose du vaccin (+59.000 doses inject\u00e9es en 24H), pr\u00e9cise le minist\u00e8re dans son bulletin quotidien sur la situation de la Covid-19. 4.027 nouveaux tests ont \u00e9t\u00e9 r\u00e9alis\u00e9s.<\/p>\n<p class=\"rtejustify\">Ce nouveau bilan porte \u00e0 498.329\u00a0le nombre total des contaminations depuis le premier cas signal\u00e9 en mars 2020. Le nombre des personnes r\u00e9tablies est pass\u00e9 \u00e0 485.162 , soit un taux de gu\u00e9rison de 97,4%. Quant au nombre total des d\u00e9c\u00e8s, il est pass\u00e9 \u00e0 8.857, avec 7\u00a0nouveaux morts recens\u00e9s en 24 heures, soit un taux de l\u00e9talit\u00e9 de 1,8%. Le nombre des cas actifs s&rsquo;\u00e9l\u00e8ve \u00e0 4.310, tandis que les cas s\u00e9v\u00e8res ou critiques sont au nombre de 452, dont 18 plac\u00e9s sous intubation.<\/p>\n<blockquote readability=\"4.75\">\n<p class=\"rtejustify\"><strong>Pour plus de d\u00e9tails, voir l&rsquo;\u00e9volution en temps r\u00e9el de l&rsquo;\u00e9pid\u00e9mie sur <a href=\"https:\/\/www.leconomiste.com\/covid19\/\">https:\/\/www.leconomiste.com\/covid19\/<\/a><\/strong><\/p>\n<\/blockquote>\n<p>Auteur: hgueye<br \/>\n<a href=\"https:\/\/www.leconomiste.com\/flash-infos\/covid19-vaccines\">Cliquez ici pour lire l&rsquo;article depuis sa source.<\/a><\/p>\n","protected":false},"excerpt":{"rendered":"<p>Un total de 132 nouveaux cas d&rsquo;infection au coronavirus et de 241\u00a0gu\u00e9risons a \u00e9t\u00e9 enregistr\u00e9 au cours des derni\u00e8res 24 heures au Maroc, a annonc\u00e9 lundi le minist\u00e8re de la Sant\u00e9. Le nombre des personnes vaccin\u00e9es \u00e0 ce jour (dose 1) a atteint 4.352.033 avec 3.038 nouvelles vaccinations, alors que\u00a03.951.023 ont re\u00e7u la deuxi\u00e8me dose [&hellip;]<\/p>\n","protected":false},"author":1763,"featured_media":0,"comment_status":"closed","ping_status":"closed","sticky":false,"template":"","format":"standard","meta":{"fifu_image_url":"","fifu_image_alt":"","footnotes":""},"categories":[78,54],"tags":[],"class_list":["post-114361","post","type-post","status-publish","format-standard","hentry","category-economie","category-maroc"],"_links":{"self":[{"href":"https:\/\/linitiative.ca\/International\/wp-json\/wp\/v2\/posts\/114361","targetHints":{"allow":["GET"]}}],"collection":[{"href":"https:\/\/linitiative.ca\/International\/wp-json\/wp\/v2\/posts"}],"about":[{"href":"https:\/\/linitiative.ca\/International\/wp-json\/wp\/v2\/types\/post"}],"author":[{"embeddable":true,"href":"https:\/\/linitiative.ca\/International\/wp-json\/wp\/v2\/users\/1763"}],"replies":[{"embeddable":true,"href":"https:\/\/linitiative.ca\/International\/wp-json\/wp\/v2\/comments?post=114361"}],"version-history":[{"count":0,"href":"https:\/\/linitiative.ca\/International\/wp-json\/wp\/v2\/posts\/114361\/revisions"}],"wp:attachment":[{"href":"https:\/\/linitiative.ca\/International\/wp-json\/wp\/v2\/media?parent=114361"}],"wp:term":[{"taxonomy":"category","embeddable":true,"href":"https:\/\/linitiative.ca\/International\/wp-json\/wp\/v2\/categories?post=114361"},{"taxonomy":"post_tag","embeddable":true,"href":"https:\/\/linitiative.ca\/International\/wp-json\/wp\/v2\/tags?post=114361"}],"curies":[{"name":"wp","href":"https:\/\/api.w.org\/{rel}","templated":true}]}}