{"id":114363,"date":"2021-04-05T15:14:20","date_gmt":"2021-04-05T19:14:20","guid":{"rendered":"https:\/\/linitiative.ca\/International\/equipe-dalgerie-faf-ago-adoption-des-bilans-moral-et-financier\/"},"modified":"2021-04-05T15:14:20","modified_gmt":"2021-04-05T19:14:20","slug":"equipe-dalgerie-faf-ago-adoption-des-bilans-moral-et-financier","status":"publish","type":"post","link":"https:\/\/linitiative.ca\/International\/equipe-dalgerie-faf-ago-adoption-des-bilans-moral-et-financier\/","title":{"rendered":"Equipe d&rsquo;Alg\u00e9rie : FAF (AGO) : adoption des bilans moral et financier"},"content":{"rendered":"<div readability=\"32\">\n<p>Auteur : <span class=\"time\">lundi 05 avril 2021 14:29<\/span><\/p>\n<\/div>\n<div id=\"post_core\" readability=\"51\">\n<p>Les membres de l&rsquo;assembl\u00e9e g\u00e9n\u00e9rale de la F\u00e9d\u00e9ration alg\u00e9rienne de football (FAF), r\u00e9unis lundi \u00e0 Alger en session ordinaire (AGO), ont adopt\u00e9 \u00e0 la majorit\u00e9 les bilans moral et financier de l&rsquo;exercice 2020. Pour le bilan moral, deux membres ont vot\u00e9 contre, alors qu&rsquo;il y a eu deux abstentions. Le bilan financier a \u00e9t\u00e9 approuv\u00e9 par 91 membres, trois absentions, alors que dix ont vot\u00e9 contre. Le budget pr\u00e9visionnel 2021 a \u00e9t\u00e9 \u00e9galement adopt\u00e9. Le quorum a \u00e9t\u00e9 largement atteint en pr\u00e9sence de la quasi totalit\u00e9 des membres ayant le droit de vote qui sont au nombre de 104 sur 119. Avant le d\u00e9but des travaux, le pr\u00e9sident de la direction du contr\u00f4le de la gestion financi\u00e8re (DCGF) de la FAF R\u00e9da Abdouche, a tenu \u00e0 remettre les licences professionnelles \u00e0 l&rsquo;ensemble des 20 pensionnaires de la Ligue 1. Au cours de cette AGO, il a \u00e9t\u00e9 proc\u00e9d\u00e9 \u00e0 l&rsquo;installation des commissions de candidatures, de recours, et de passation de consignes, en vue de l&rsquo;assembl\u00e9e g\u00e9n\u00e9rale \u00e9lective (AGE), fix\u00e9e au jeudi 15 avril. Pour rappel, le pr\u00e9sident sortant de l&rsquo;instance f\u00e9d\u00e9rale Kha\u00efreddine Zetchi a d\u00e9cid\u00e9 de ne pas briguer un deuxi\u00e8me mandat, lui qui avait \u00e9t\u00e9 \u00e9lu le 20 mars 2017, en remplacement de Mohamed Raouraoua.<\/p>\n<p><strong>Publi\u00e9 dans :<\/strong> <span>faf<\/span><\/p>\n<\/div>\n<p>Auteur:<br \/>\n<a href=\"http:\/\/www.lebuteur.com\/article\/detail?titre=faf-ago-adoption-des-bilans-moral-et-financier&#038;id=99617&#038;utm_source=feedburner&#038;utm_medium=feed&#038;utm_campaign=Feed%3A+GalerieFArtciles+%28Les+derniers+articles++-+lebuteur.com%29\">Cliquez ici pour lire l&rsquo;article depuis sa source.<\/a><\/p>\n","protected":false},"excerpt":{"rendered":"<p>Auteur : lundi 05 avril 2021 14:29 Les membres de l&rsquo;assembl\u00e9e g\u00e9n\u00e9rale de la F\u00e9d\u00e9ration alg\u00e9rienne de football (FAF), r\u00e9unis lundi \u00e0 Alger en session ordinaire (AGO), ont adopt\u00e9 \u00e0 la majorit\u00e9 les bilans moral et financier de l&rsquo;exercice 2020. Pour le bilan moral, deux membres ont vot\u00e9 contre, alors qu&rsquo;il y a eu deux [&hellip;]<\/p>\n","protected":false},"author":1738,"featured_media":0,"comment_status":"closed","ping_status":"closed","sticky":false,"template":"","format":"standard","meta":{"fifu_image_url":"\/\/cdn.lebuteur.com\/data\/images\/article\/thumbs\/large-faf-ago-adoption-des-bilans-moral-et-financier-88c0e.jpg","fifu_image_alt":"Equipe d'Alg\u00e9rie : FAF (AGO) : adoption des bilans moral et financier","footnotes":""},"categories":[53,75],"tags":[],"class_list":["post-114363","post","type-post","status-publish","format-standard","hentry","category-algerie","category-sport"],"_links":{"self":[{"href":"https:\/\/linitiative.ca\/International\/wp-json\/wp\/v2\/posts\/114363","targetHints":{"allow":["GET"]}}],"collection":[{"href":"https:\/\/linitiative.ca\/International\/wp-json\/wp\/v2\/posts"}],"about":[{"href":"https:\/\/linitiative.ca\/International\/wp-json\/wp\/v2\/types\/post"}],"author":[{"embeddable":true,"href":"https:\/\/linitiative.ca\/International\/wp-json\/wp\/v2\/users\/1738"}],"replies":[{"embeddable":true,"href":"https:\/\/linitiative.ca\/International\/wp-json\/wp\/v2\/comments?post=114363"}],"version-history":[{"count":0,"href":"https:\/\/linitiative.ca\/International\/wp-json\/wp\/v2\/posts\/114363\/revisions"}],"wp:attachment":[{"href":"https:\/\/linitiative.ca\/International\/wp-json\/wp\/v2\/media?parent=114363"}],"wp:term":[{"taxonomy":"category","embeddable":true,"href":"https:\/\/linitiative.ca\/International\/wp-json\/wp\/v2\/categories?post=114363"},{"taxonomy":"post_tag","embeddable":true,"href":"https:\/\/linitiative.ca\/International\/wp-json\/wp\/v2\/tags?post=114363"}],"curies":[{"name":"wp","href":"https:\/\/api.w.org\/{rel}","templated":true}]}}