{"id":114364,"date":"2021-04-05T15:14:23","date_gmt":"2021-04-05T19:14:23","guid":{"rendered":"https:\/\/linitiative.ca\/International\/ligue-des-champions-real-zidane-annonce-une-mauvaise-nouvelle-pour-hazard-avant-daffronter-liverpool\/"},"modified":"2021-04-05T15:14:23","modified_gmt":"2021-04-05T19:14:23","slug":"ligue-des-champions-real-zidane-annonce-une-mauvaise-nouvelle-pour-hazard-avant-daffronter-liverpool","status":"publish","type":"post","link":"https:\/\/linitiative.ca\/International\/ligue-des-champions-real-zidane-annonce-une-mauvaise-nouvelle-pour-hazard-avant-daffronter-liverpool\/","title":{"rendered":"Ligue des Champions : Real : Zidane annonce une mauvaise nouvelle pour Hazard avant d&rsquo;affronter Liverpool"},"content":{"rendered":"<div readability=\"32\">\n<p>Auteur : <span class=\"time\">lundi 05 avril 2021 14:42<\/span><\/p>\n<\/div>\n<div id=\"post_core\" readability=\"52\">\n<p>L&rsquo;entra\u00eeneur du Real Madrid Zin\u00e9dine Zidane a annonc\u00e9 lundi le forfait de son attaquant belge pour le quart de finale aller de Ligue des champions contre Liverpool :<\/p>\n<p>\u00ab\u00a0Eden Hazard a besoin de rester au calme et d&rsquo;\u00eatre patient, le plus important c&rsquo;est qu&rsquo;il soit compl\u00e8tement r\u00e9tabli et je ne veux pas pr\u00e9cipiter son retour\u00a0\u00bb, a d\u00e9clar\u00e9 Zin\u00e9dine Zidane lundi en conf\u00e9rence de presse, \u00e0 la veille du quart de finale aller de Ligue des champions entre le Real Madrid et Liverpool ce mardi. L&rsquo;attaquant belge n&rsquo;est toujours pas remis de sa derni\u00e8re blessure musculaire.<\/p>\n<p>\u00ab\u00a0Je ne crois pas que son retour avait \u00e9t\u00e9 pr\u00e9cipit\u00e9 la derni\u00e8re fois, ses sensations \u00e9taient bonnes\u00a0\u00bb, a d&rsquo;ailleurs balay\u00e9 l&rsquo;entra\u00eeneur du Real Madrid. \u00ab\u00a0De toute fa\u00e7on, on ne va jamais pr\u00e9cipiter le retour d&rsquo;un joueur. Si le joueur est bien, il joue. Donc on verra quand est-ce qu&rsquo;Eden pourra revenir avec nous.\u00a0\u00bb Des propos relay\u00e9s par L&rsquo;Equipe.<\/p>\n<p><strong>Publi\u00e9 dans :<\/strong> <span>real madrid<\/span><\/p>\n<\/div>\n<p>Auteur:<br \/>\n<a href=\"http:\/\/www.lebuteur.com\/article\/detail?titre=real-zidane-annonce-une-mauvaise-nouvelle-pour-hazard-avant-daffronter-liverpool&#038;id=99619&#038;utm_source=feedburner&#038;utm_medium=feed&#038;utm_campaign=Feed%3A+GalerieFArtciles+%28Les+derniers+articles++-+lebuteur.com%29\">Cliquez ici pour lire l&rsquo;article depuis sa source.<\/a><\/p>\n","protected":false},"excerpt":{"rendered":"<p>Auteur : lundi 05 avril 2021 14:42 L&rsquo;entra\u00eeneur du Real Madrid Zin\u00e9dine Zidane a annonc\u00e9 lundi le forfait de son attaquant belge pour le quart de finale aller de Ligue des champions contre Liverpool : \u00ab\u00a0Eden Hazard a besoin de rester au calme et d&rsquo;\u00eatre patient, le plus important c&rsquo;est qu&rsquo;il soit compl\u00e8tement r\u00e9tabli et [&hellip;]<\/p>\n","protected":false},"author":1738,"featured_media":0,"comment_status":"closed","ping_status":"closed","sticky":false,"template":"","format":"standard","meta":{"fifu_image_url":"\/\/cdn.lebuteur.com\/data\/images\/article\/thumbs\/large-real-zidane-annonce-une-mauvaise-nouvelle-pour-hazard-avant-daffronter-liverpool-ae106.jpg","fifu_image_alt":"Ligue des Champions : Real : Zidane annonce une mauvaise nouvelle pour Hazard avant d'affronter Liverpool","footnotes":""},"categories":[53,75],"tags":[],"class_list":["post-114364","post","type-post","status-publish","format-standard","hentry","category-algerie","category-sport"],"_links":{"self":[{"href":"https:\/\/linitiative.ca\/International\/wp-json\/wp\/v2\/posts\/114364","targetHints":{"allow":["GET"]}}],"collection":[{"href":"https:\/\/linitiative.ca\/International\/wp-json\/wp\/v2\/posts"}],"about":[{"href":"https:\/\/linitiative.ca\/International\/wp-json\/wp\/v2\/types\/post"}],"author":[{"embeddable":true,"href":"https:\/\/linitiative.ca\/International\/wp-json\/wp\/v2\/users\/1738"}],"replies":[{"embeddable":true,"href":"https:\/\/linitiative.ca\/International\/wp-json\/wp\/v2\/comments?post=114364"}],"version-history":[{"count":0,"href":"https:\/\/linitiative.ca\/International\/wp-json\/wp\/v2\/posts\/114364\/revisions"}],"wp:attachment":[{"href":"https:\/\/linitiative.ca\/International\/wp-json\/wp\/v2\/media?parent=114364"}],"wp:term":[{"taxonomy":"category","embeddable":true,"href":"https:\/\/linitiative.ca\/International\/wp-json\/wp\/v2\/categories?post=114364"},{"taxonomy":"post_tag","embeddable":true,"href":"https:\/\/linitiative.ca\/International\/wp-json\/wp\/v2\/tags?post=114364"}],"curies":[{"name":"wp","href":"https:\/\/api.w.org\/{rel}","templated":true}]}}