{"id":114365,"date":"2021-04-05T15:14:26","date_gmt":"2021-04-05T19:14:26","guid":{"rendered":"https:\/\/linitiative.ca\/International\/equipe-dalgerie-ag-ordinaire-de-la-faf-zetchi-ne-sera-pas-candidat\/"},"modified":"2021-04-05T15:14:26","modified_gmt":"2021-04-05T19:14:26","slug":"equipe-dalgerie-ag-ordinaire-de-la-faf-zetchi-ne-sera-pas-candidat","status":"publish","type":"post","link":"https:\/\/linitiative.ca\/International\/equipe-dalgerie-ag-ordinaire-de-la-faf-zetchi-ne-sera-pas-candidat\/","title":{"rendered":"Equipe d&rsquo;Alg\u00e9rie : AG ordinaire de la FAF: \u00ab\u00a0Zetchi ne sera pas candidat\u00a0\u00bb"},"content":{"rendered":"<div readability=\"32\">\n<p>Auteur : <span>APS<\/span> <span class=\"time\">lundi 05 avril 2021 15:35<\/span><\/p>\n<\/div>\n<div id=\"post_core\" readability=\"47\">\n<p>Le pr\u00e9sident sortant de la F\u00e9d\u00e9ration alg\u00e9rienne de football (FAF) Khe\u00efreddine Zetchi ne briguera pas un second mandat olympique (2021-2024), a annonc\u00e9 lundi le secr\u00e9taire-g\u00e9n\u00e9ral de la F\u00e9d\u00e9ration \u00e0 l&rsquo;ouverture des travaux de l&rsquo;assembl\u00e9e g\u00e9n\u00e9rale ordinaire. Khe\u00efreddine Zetchi n&rsquo;est pas candidat pour le poste de pr\u00e9sident de la FAF dont le scrutin aura lieu le jeudi 15 avril \u00e0 l&rsquo;occasion de la tenue de l&rsquo;assembl\u00e9e g\u00e9n\u00e9rale \u00e9lective, a d\u00e9clar\u00e9 Mohamed Saad dans une br\u00e8ve allocution d&rsquo;ouverture de l&rsquo;AG ordinaire \u00e0 laquelle \u00e9taient pr\u00e9sents \u00ab\u00a0119 membres dont 104 ont droit de vote\u00a0\u00bb. L&rsquo;Assembl\u00e9e g\u00e9n\u00e9rale ordinaire est consacr\u00e9e \u00e0 la pr\u00e9sentation des bilans moral et financier du pr\u00e9c\u00e9dent mandat ainsi que le cycle olympique 2017-2021. Lors de la m\u00eame r\u00e9union, les membres du Bureau f\u00e9d\u00e9ral auront \u00e0 valider les Bilans moral et financier de l\u2019exercice 2020. Ces deux d\u00e9marches administratives s&rsquo;inscrivent dans le cadre du renouvellement des instances sportives en pr\u00e9vision du nouveau mandat olympique 2021-2024. Les Commissions de candidatures, de recours et de passation de consignes qui se chargeront de pr\u00e9parer l&rsquo;AGE, seront install\u00e9es lors des travaux de l&rsquo;Assembl\u00e9e g\u00e9n\u00e9rale ordinaire du 5 avril. Il est \u00e0 rappeler, par ailleurs, qu&rsquo;\u00e0 l&rsquo;issue du match Alg\u00e9rie &#8211; Botswana (5-0), disput\u00e9 lundi soir \u00e0 Blida pour le compte de la 6e et derni\u00e8re journ\u00e9e des \u00e9liminatoires de la CAN-2021, le s\u00e9lectionneur Djamel Belmadi et ses joueurs avaient rendu un vibrant hommage au pr\u00e9sident Kheireddine Zetchi. Belmadi avait alors d\u00e9clar\u00e9 que le pr\u00e9sident sortant de la FAF lui avait annonc\u00e9 qu&rsquo;il n&rsquo;allait pas postuler pas pour un nouveau mandat \u00e0 la t\u00eate de cette instance. En effet, apr\u00e8s le coup de sifflet final, les joueurs avaient entour\u00e9 Zetchi et ont f\u00eat\u00e9 cette belle victoire contre le Botswana en sa compagnie. Des embrassades et des accolades auxquelles \u00e9tait venu se joindre Belmadi et les autres membres du staff technique. Zetchi est arriv\u00e9 aux commandes de la FAF le 20 mars 2017, en succession de Mohamed Raouraoua.<\/p>\n<p><strong>Publi\u00e9 dans :<\/strong> <span>Zetchi<\/span><\/p>\n<\/div>\n<p>Auteur:<br \/>\n<a href=\"http:\/\/www.lebuteur.com\/article\/detail?titre=ag-ordinaire-de-la-faf-zetchi-ne-sera-pas-candidat&#038;id=99620&#038;utm_source=feedburner&#038;utm_medium=feed&#038;utm_campaign=Feed%3A+GalerieFArtciles+%28Les+derniers+articles++-+lebuteur.com%29\">Cliquez ici pour lire l&rsquo;article depuis sa source.<\/a><\/p>\n","protected":false},"excerpt":{"rendered":"<p>Auteur : APS lundi 05 avril 2021 15:35 Le pr\u00e9sident sortant de la F\u00e9d\u00e9ration alg\u00e9rienne de football (FAF) Khe\u00efreddine Zetchi ne briguera pas un second mandat olympique (2021-2024), a annonc\u00e9 lundi le secr\u00e9taire-g\u00e9n\u00e9ral de la F\u00e9d\u00e9ration \u00e0 l&rsquo;ouverture des travaux de l&rsquo;assembl\u00e9e g\u00e9n\u00e9rale ordinaire. Khe\u00efreddine Zetchi n&rsquo;est pas candidat pour le poste de pr\u00e9sident de [&hellip;]<\/p>\n","protected":false},"author":1738,"featured_media":0,"comment_status":"closed","ping_status":"closed","sticky":false,"template":"","format":"standard","meta":{"fifu_image_url":"\/\/cdn.lebuteur.com\/data\/images\/article\/thumbs\/large-99620ag-ordinaire-de-la-faf-zetchi-ne-sera-pas-candidat-c9694.jpg","fifu_image_alt":"Equipe d'Alg\u00e9rie : AG ordinaire de la FAF: \"Zetchi ne sera pas candidat\"","footnotes":""},"categories":[53,75],"tags":[],"class_list":["post-114365","post","type-post","status-publish","format-standard","hentry","category-algerie","category-sport"],"_links":{"self":[{"href":"https:\/\/linitiative.ca\/International\/wp-json\/wp\/v2\/posts\/114365","targetHints":{"allow":["GET"]}}],"collection":[{"href":"https:\/\/linitiative.ca\/International\/wp-json\/wp\/v2\/posts"}],"about":[{"href":"https:\/\/linitiative.ca\/International\/wp-json\/wp\/v2\/types\/post"}],"author":[{"embeddable":true,"href":"https:\/\/linitiative.ca\/International\/wp-json\/wp\/v2\/users\/1738"}],"replies":[{"embeddable":true,"href":"https:\/\/linitiative.ca\/International\/wp-json\/wp\/v2\/comments?post=114365"}],"version-history":[{"count":0,"href":"https:\/\/linitiative.ca\/International\/wp-json\/wp\/v2\/posts\/114365\/revisions"}],"wp:attachment":[{"href":"https:\/\/linitiative.ca\/International\/wp-json\/wp\/v2\/media?parent=114365"}],"wp:term":[{"taxonomy":"category","embeddable":true,"href":"https:\/\/linitiative.ca\/International\/wp-json\/wp\/v2\/categories?post=114365"},{"taxonomy":"post_tag","embeddable":true,"href":"https:\/\/linitiative.ca\/International\/wp-json\/wp\/v2\/tags?post=114365"}],"curies":[{"name":"wp","href":"https:\/\/api.w.org\/{rel}","templated":true}]}}