{"id":114366,"date":"2021-04-05T15:14:29","date_gmt":"2021-04-05T19:14:29","guid":{"rendered":"https:\/\/linitiative.ca\/International\/equipe-dalgerie-ago-de-la-faf-raouraoua-conteste-la-designation-de-yahi-a-la-tete-de-la-commission-de-candidatures\/"},"modified":"2021-04-05T15:14:29","modified_gmt":"2021-04-05T19:14:29","slug":"equipe-dalgerie-ago-de-la-faf-raouraoua-conteste-la-designation-de-yahi-a-la-tete-de-la-commission-de-candidatures","status":"publish","type":"post","link":"https:\/\/linitiative.ca\/International\/equipe-dalgerie-ago-de-la-faf-raouraoua-conteste-la-designation-de-yahi-a-la-tete-de-la-commission-de-candidatures\/","title":{"rendered":"Equipe d&rsquo;Alg\u00e9rie : AGO de la FAF: Raouraoua conteste la d\u00e9signation de Yahi \u00e0 la t\u00eate de la Commission de candidatures"},"content":{"rendered":"<div readability=\"32\">\n<p>Auteur : <span>APS<\/span> <span class=\"time\">lundi 05 avril 2021 19:41<\/span><\/p>\n<\/div>\n<div id=\"post_core\" readability=\"59\">\n<p>L&rsquo;ancien pr\u00e9sident de la F\u00e9d\u00e9ration alg\u00e9rienne de football, Mohamed Raouraoua, pr\u00e9sent ce lundi \u00e0 l&rsquo;H\u00f4tel Sheraton pour assister aux travaux de l&rsquo;Assembl\u00e9e ordinaire de l&rsquo;instance, a contest\u00e9 la d\u00e9signation d&rsquo;Abdelmadjid Yahi \u00e0 la t\u00eate de la Commission de candidatures, qui doit pr\u00e9parer l&rsquo;Assembl\u00e9e \u00e9lective du 15 avril courant, car ayant \u00e9t\u00e9 d\u00e9j\u00e0 radi\u00e9 du mouvement sportif national. M.Raouraoua est all\u00e9 encore plus loin, en accusant le pr\u00e9sident de l&rsquo;US Chaouia de \u00ab\u00a0corrompu\u00a0\u00bb, ce qui a profond\u00e9ment irrit\u00e9 M. Yahi, au point de r\u00e9agir imm\u00e9diatement, en annon\u00e7ant qu&rsquo;il compte \u00ab\u00a0ester Raouraoua en justice\u00a0\u00bb pour diffamation. \u00ab\u00a0J&rsquo;ai \u00e9t\u00e9 r\u00e9habilit\u00e9, aussi bien par le Tribunal Arbitral du Sport alg\u00e9rien que par l&rsquo;Assembl\u00e9e de la FAF. Ce qui m&rsquo;a d&rsquo;ailleurs permis de rester \u00e0 la t\u00eate de l&rsquo;US Chaouia. Donc, les accusations de Raouraoua sont diffamatoires, et il devra en r\u00e9pondre devant la justice\u00a0\u00bb a assur\u00e9 Yahi. Concernant sa mission \u00e0 la t\u00eate de la Commission de candidatures, Yahi s&rsquo;est dit \u00ab\u00a0parfaitement s\u00fbr de pouvoir la mener \u00e0 bien\u00a0\u00bb, car ayant \u00ab\u00a0suffisamment d&rsquo;exp\u00e9rience\u00a0\u00bb dans ce r\u00f4le. En effet, le pr\u00e9sident de l&rsquo;USC a rappel\u00e9 avoir fait parie de nombreuses commissions de candidatures par le pass\u00e9, notamment, celles qui avait pr\u00e9par\u00e9 les \u00e9lections des regrett\u00e9s Omar Kezzal, Mohamed Diabi, et m\u00eame celle de Mohamed Raouraoua. L&rsquo;Assembl\u00e9e \u00e9lective de la FAF a \u00e9t\u00e9 fix\u00e9e au 15 avril courant \u00e0 Alger, et verra l&rsquo;\u00e9lection d&rsquo;un nouveau pr\u00e9sident, apr\u00e8s la d\u00e9cision du pr\u00e9sident sortant, Kheireddine Zetchi de ne pas se repr\u00e9senter pour un nouveau mandat.<\/p>\n<p><strong>Publi\u00e9 dans :<\/strong> <span>raouraoua<\/span> <span>yahi<\/span><\/p>\n<\/div>\n<p>Auteur:<br \/>\n<a href=\"http:\/\/www.lebuteur.com\/article\/detail?titre=ago-de-la-faf-raouraoua-conteste-la-designation-de-yahi-a-la-tete-de-la-commission-de-candidatures&#038;id=99621&#038;utm_source=feedburner&#038;utm_medium=feed&#038;utm_campaign=Feed%3A+GalerieFArtciles+%28Les+derniers+articles++-+lebuteur.com%29\">Cliquez ici pour lire l&rsquo;article depuis sa source.<\/a><\/p>\n","protected":false},"excerpt":{"rendered":"<p>Auteur : APS lundi 05 avril 2021 19:41 L&rsquo;ancien pr\u00e9sident de la F\u00e9d\u00e9ration alg\u00e9rienne de football, Mohamed Raouraoua, pr\u00e9sent ce lundi \u00e0 l&rsquo;H\u00f4tel Sheraton pour assister aux travaux de l&rsquo;Assembl\u00e9e ordinaire de l&rsquo;instance, a contest\u00e9 la d\u00e9signation d&rsquo;Abdelmadjid Yahi \u00e0 la t\u00eate de la Commission de candidatures, qui doit pr\u00e9parer l&rsquo;Assembl\u00e9e \u00e9lective du 15 avril [&hellip;]<\/p>\n","protected":false},"author":1738,"featured_media":0,"comment_status":"closed","ping_status":"closed","sticky":false,"template":"","format":"standard","meta":{"fifu_image_url":"\/\/cdn.lebuteur.com\/data\/images\/article\/thumbs\/large-ago-de-la-faf-raouraoua-conteste-la-designation-de-yahi-a-la-tete-de-la-commission-de-candidatures-5f41c.jpg","fifu_image_alt":"Equipe d'Alg\u00e9rie : AGO de la FAF: Raouraoua conteste la d\u00e9signation de Yahi \u00e0 la t\u00eate de la Commission de candidatures","footnotes":""},"categories":[53,75],"tags":[],"class_list":["post-114366","post","type-post","status-publish","format-standard","hentry","category-algerie","category-sport"],"_links":{"self":[{"href":"https:\/\/linitiative.ca\/International\/wp-json\/wp\/v2\/posts\/114366","targetHints":{"allow":["GET"]}}],"collection":[{"href":"https:\/\/linitiative.ca\/International\/wp-json\/wp\/v2\/posts"}],"about":[{"href":"https:\/\/linitiative.ca\/International\/wp-json\/wp\/v2\/types\/post"}],"author":[{"embeddable":true,"href":"https:\/\/linitiative.ca\/International\/wp-json\/wp\/v2\/users\/1738"}],"replies":[{"embeddable":true,"href":"https:\/\/linitiative.ca\/International\/wp-json\/wp\/v2\/comments?post=114366"}],"version-history":[{"count":0,"href":"https:\/\/linitiative.ca\/International\/wp-json\/wp\/v2\/posts\/114366\/revisions"}],"wp:attachment":[{"href":"https:\/\/linitiative.ca\/International\/wp-json\/wp\/v2\/media?parent=114366"}],"wp:term":[{"taxonomy":"category","embeddable":true,"href":"https:\/\/linitiative.ca\/International\/wp-json\/wp\/v2\/categories?post=114366"},{"taxonomy":"post_tag","embeddable":true,"href":"https:\/\/linitiative.ca\/International\/wp-json\/wp\/v2\/tags?post=114366"}],"curies":[{"name":"wp","href":"https:\/\/api.w.org\/{rel}","templated":true}]}}