{"id":114367,"date":"2021-04-05T14:39:28","date_gmt":"2021-04-05T18:39:28","guid":{"rendered":"https:\/\/linitiative.ca\/International\/marche-du-samedi-24-manifestants-places-en-detention-provisoire\/"},"modified":"2021-04-05T14:39:28","modified_gmt":"2021-04-05T18:39:28","slug":"marche-du-samedi-24-manifestants-places-en-detention-provisoire","status":"publish","type":"post","link":"https:\/\/linitiative.ca\/International\/marche-du-samedi-24-manifestants-places-en-detention-provisoire\/","title":{"rendered":"Marche du samedi : 24 manifestants plac\u00e9s en d\u00e9tention provisoire"},"content":{"rendered":"<h4 class=\"title-14\"\/>\n<p><strong><em>24 manifestants ont \u00e9t\u00e9 plac\u00e9s en d\u00e9tention provisoire, aujourd\u2019hui, a indiqu\u00e9 le Comit\u00e9 national pour la lib\u00e9ration des d\u00e9tenus (CNLD).<\/em><\/strong><\/p>\n<p>Il s\u2019agit de ceux qui ont tent\u00e9 de marcher samedi dans la capitale. Au tribunal de Bab El Oued (Hammamet), ce sont dix manifestants qui ont \u00e9t\u00e9 plac\u00e9s sous mandat de d\u00e9p\u00f4t, \u00e0 savoir Abdelhak Ben Rahmani dit Merouane, Talhi Sa\u00efd dit Zinou, Slimane Hocine, Abdelli Zouhir Abdeldjalil, Ahmed Betrouni, Walid Oudjit, Agoumadz Bachir, Menkhel Mohamed Lamine, Salah Abdelhakim et Malek Abdelhalim. Seul Mohamed Amine Bedar (mineur) a \u00e9t\u00e9 rel\u00e2ch\u00e9.<\/p>\n<p>Au tribunal de Sidi M\u2019hamed, quinze manifestants ont \u00e9t\u00e9 pr\u00e9sent\u00e9s devant le procureur et le juge d\u2019instruction. Hormis Samir Boudjemaa, rel\u00e2ch\u00e9 pour des raisons m\u00e9dicales, tous les autres ont \u00e9galement \u00e9t\u00e9 mis en d\u00e9tention provisoire. Il s\u2019agit de Fethi Diyaoui, Bourahla Mohamed Amine, Aimad Dendoune, Adel Bensaada, Ali Senouci, Ahmed Ouakli, Omar Lorari, Zakaria Metidji, Lotfi Bouguerra, Mohamed Selmane, Taazibt Abdelkayoum, Ahmed Lakhdari, Benameur Belkacem Rachid et Lounes Boutaankik.<\/p>\n<p>Ces manifestants sont poursuivis pour \u00ab\u00a0atteinte \u00e0 l\u2019unit\u00e9 nationale, attroupement non arm\u00e9 et incitation \u00e0 attroupement non arm\u00e9\u00a0\u00bb, ont indiqu\u00e9 des avocats.<\/p>\n<p>Il est utile de signaler qu\u2019\u00e0 Chlef, le militant Ali Mokrane a \u00e9t\u00e9 \u00e9galement plac\u00e9 en d\u00e9tention provisoire apr\u00e8s pr\u00e9sentation devant le procureur. Interpell\u00e9 jeudi, celui-ci est poursuivi pour \u00ab\u00a0atteinte \u00e0 la personne du Pr\u00e9sident et outrage \u00e0 corps constitu\u00e9\u00a0\u00bb. Son proc\u00e8s est pr\u00e9vu le 12 avril.<\/p>\n<p>A rappeler en dernier lieu que Mohamed Tadjadit et Malik Riahi, tous deux ex-d\u00e9tenus, avaient \u00e9t\u00e9 arr\u00eat\u00e9s hier soir dans un appartement \u00e0 Ain Benian (Alger), avait indiqu\u00e9 le CNLD. Les motifs de leurs arrestations ne sont pas connus pour l\u2019heure.<\/p>\n<p><span class=\"post-views-label\">Post Views:<\/span> <span class=\"post-views-count\">282<\/span><\/p>\n<p><br class=\"c2\"\/><\/p>\n<div class=\"ichhar-moneytagnative c5\" id=\"ichhar-243339885\">\n<p>Advertisements<\/p>\n<\/div>\n<p><br class=\"c2\"\/><br \/>\n<br class=\"c6\"\/><\/p>\n<p>Auteur: Mohand Yahiaoui<br \/>\n<a href=\"https:\/\/www.elwatan.com\/edition\/actualite\/marche-du-samedi-24-manifestants-places-en-detention-provisoire-05-04-2021\">Cliquez ici pour lire l&rsquo;article depuis sa source.<\/a><\/p>\n","protected":false},"excerpt":{"rendered":"<p>24 manifestants ont \u00e9t\u00e9 plac\u00e9s en d\u00e9tention provisoire, aujourd\u2019hui, a indiqu\u00e9 le Comit\u00e9 national pour la lib\u00e9ration des d\u00e9tenus (CNLD). Il s\u2019agit de ceux qui ont tent\u00e9 de marcher samedi dans la capitale. Au tribunal de Bab El Oued (Hammamet), ce sont dix manifestants qui ont \u00e9t\u00e9 plac\u00e9s sous mandat de d\u00e9p\u00f4t, \u00e0 savoir Abdelhak [&hellip;]<\/p>\n","protected":false},"author":1743,"featured_media":0,"comment_status":"closed","ping_status":"closed","sticky":false,"template":"","format":"standard","meta":{"fifu_image_url":"","fifu_image_alt":"","footnotes":""},"categories":[73,53],"tags":[],"class_list":["post-114367","post","type-post","status-publish","format-standard","hentry","category-actualite","category-algerie"],"_links":{"self":[{"href":"https:\/\/linitiative.ca\/International\/wp-json\/wp\/v2\/posts\/114367","targetHints":{"allow":["GET"]}}],"collection":[{"href":"https:\/\/linitiative.ca\/International\/wp-json\/wp\/v2\/posts"}],"about":[{"href":"https:\/\/linitiative.ca\/International\/wp-json\/wp\/v2\/types\/post"}],"author":[{"embeddable":true,"href":"https:\/\/linitiative.ca\/International\/wp-json\/wp\/v2\/users\/1743"}],"replies":[{"embeddable":true,"href":"https:\/\/linitiative.ca\/International\/wp-json\/wp\/v2\/comments?post=114367"}],"version-history":[{"count":0,"href":"https:\/\/linitiative.ca\/International\/wp-json\/wp\/v2\/posts\/114367\/revisions"}],"wp:attachment":[{"href":"https:\/\/linitiative.ca\/International\/wp-json\/wp\/v2\/media?parent=114367"}],"wp:term":[{"taxonomy":"category","embeddable":true,"href":"https:\/\/linitiative.ca\/International\/wp-json\/wp\/v2\/categories?post=114367"},{"taxonomy":"post_tag","embeddable":true,"href":"https:\/\/linitiative.ca\/International\/wp-json\/wp\/v2\/tags?post=114367"}],"curies":[{"name":"wp","href":"https:\/\/api.w.org\/{rel}","templated":true}]}}