{"id":114368,"date":"2021-04-05T17:03:08","date_gmt":"2021-04-05T21:03:08","guid":{"rendered":"https:\/\/linitiative.ca\/International\/allegations-dagression-sexuelle-sur-le-mineur-s-c-le-parquet-communique-les-premiers-elements-de-lenquete\/"},"modified":"2021-04-05T17:03:08","modified_gmt":"2021-04-05T21:03:08","slug":"allegations-dagression-sexuelle-sur-le-mineur-s-c-le-parquet-communique-les-premiers-elements-de-lenquete","status":"publish","type":"post","link":"https:\/\/linitiative.ca\/International\/allegations-dagression-sexuelle-sur-le-mineur-s-c-le-parquet-communique-les-premiers-elements-de-lenquete\/","title":{"rendered":"All\u00e9gations d\u2019agression sexuelle sur le mineur S. C. : Le parquet communique les premiers \u00e9l\u00e9ments de l\u2019enqu\u00eate\u00a0"},"content":{"rendered":"<h4 class=\"title-14\"\/>\n<p>Le procureur g\u00e9n\u00e9ral pr\u00e8s de la cour d\u2019Alger a communiqu\u00e9, en d\u00e9but de soir\u00e9e, les premiers \u00e9l\u00e9ments de l\u2019enqu\u00eate diligent\u00e9e au sujet des all\u00e9gations d\u2019agression sexuelle sur un mineur (15 ans), interpell\u00e9 samedi dernier lors d\u2019une tentative de manifestation, qui ont \u00e9t\u00e9 rapport\u00e9es dans une vid\u00e9o post\u00e9e sur les r\u00e9seaux sociaux et film\u00e9e \u00e0 sa sortie du commissariat.<\/p>\n<p>D\u2019ambl\u00e9e, le procureur g\u00e9n\u00e9ral a indiqu\u00e9, lors d\u2019une conf\u00e9rence de presse, que les policiers qui l\u2019avaient interpell\u00e9 \u00ab\u00a0n\u2019ont pas pu savoir qu\u2019il \u00e9tait mineur\u00a0\u00bb. \u00ab\u00a0D\u00e8s qu\u2019ils ont pu v\u00e9rifier son identit\u00e9, ils l\u2019avaient remis \u00e0 sa m\u00e8re et ce apr\u00e8s l\u2019avoir pr\u00e9sent\u00e9 devant un m\u00e9decin l\u00e9giste\u00a0\u00bb, a-t-il ajout\u00e9.<\/p>\n<p>Pourquoi a-t-il fallu plusieurs heures aux policiers pour se rendre compte que celui-ci \u00e9tait mineur ?<\/p>\n<p>Le procureur s\u2019est content\u00e9 de r\u00e9affirmer que les traits de visage de l\u2019enfant n\u2019indiquaient pas qu\u2019il \u00e9tait mineur.<\/p>\n<p>Poursuivant, celui-ci d\u00e9clare qu\u2019apr\u00e8s le d\u00e9clenchement hier de l\u2019enqu\u00eate, l\u2019enfant a \u00e9t\u00e9 entendu aujourd\u2019hui en pr\u00e9sence de sa m\u00e8re et de son p\u00e8re.<\/p>\n<p>La seule agression dont il a parl\u00e9, a ajout\u00e9 la m\u00eame source, \u00ab\u00a0c\u2019est une bousculade de derri\u00e8re avec un talkie-walkie\u00a0\u00bb.<\/p>\n<p>L\u2019enfant a, par ailleurs, \u00e9t\u00e9 auscult\u00e9, aujourd\u2019hui, par deux m\u00e9decins l\u00e9gistes de l\u2019h\u00f4pital Mustapha (Alger).<\/p>\n<p>Le rapport indique qu&rsquo;\u00a0\u00bbil n\u2019y a aucune notion d\u2019acte contre-nature\u00a0\u00bb, affirme le procureur, avant d\u2019ajouter que \u00ab\u00a0l\u2019enfant a refus\u00e9 l\u2019examen des parties intimes\u00a0\u00bb.<\/p>\n<p>Le repr\u00e9sentant du parquet a d\u00e9clar\u00e9 que l\u2019enqu\u00eate se poursuit toujours et que S. C. a \u00e9t\u00e9 pr\u00e9sent\u00e9 devant un juge des mineurs pour la poursuite des investigations.<\/p>\n<p><span class=\"post-views-label\">Post Views:<\/span> <span class=\"post-views-count\">0<\/span><\/p>\n<p><br class=\"c2\"\/><\/p>\n<div class=\"ichhar-moneytagnative c5\" id=\"ichhar-939608406\">\n<p>Advertisements<\/p>\n<\/div>\n<p><br class=\"c2\"\/><br \/>\n<br class=\"c6\"\/><br \/>\nAuteur: Mohand Yahiaoui<br \/>\n<a href=\"https:\/\/www.elwatan.com\/edition\/actualite\/allegations-dagression-sexuelle-sur-le-mineur-s-c-le-parquet-communique-les-premiers-elements-de-lenquete-05-04-2021\">Cliquez ici pour lire l&rsquo;article depuis sa source.<\/a><\/p>\n","protected":false},"excerpt":{"rendered":"<p>Le procureur g\u00e9n\u00e9ral pr\u00e8s de la cour d\u2019Alger a communiqu\u00e9, en d\u00e9but de soir\u00e9e, les premiers \u00e9l\u00e9ments de l\u2019enqu\u00eate diligent\u00e9e au sujet des all\u00e9gations d\u2019agression sexuelle sur un mineur (15 ans), interpell\u00e9 samedi dernier lors d\u2019une tentative de manifestation, qui ont \u00e9t\u00e9 rapport\u00e9es dans une vid\u00e9o post\u00e9e sur les r\u00e9seaux sociaux et film\u00e9e \u00e0 sa [&hellip;]<\/p>\n","protected":false},"author":1743,"featured_media":0,"comment_status":"closed","ping_status":"closed","sticky":false,"template":"","format":"standard","meta":{"fifu_image_url":"","fifu_image_alt":"","footnotes":""},"categories":[73,53],"tags":[],"class_list":["post-114368","post","type-post","status-publish","format-standard","hentry","category-actualite","category-algerie"],"_links":{"self":[{"href":"https:\/\/linitiative.ca\/International\/wp-json\/wp\/v2\/posts\/114368","targetHints":{"allow":["GET"]}}],"collection":[{"href":"https:\/\/linitiative.ca\/International\/wp-json\/wp\/v2\/posts"}],"about":[{"href":"https:\/\/linitiative.ca\/International\/wp-json\/wp\/v2\/types\/post"}],"author":[{"embeddable":true,"href":"https:\/\/linitiative.ca\/International\/wp-json\/wp\/v2\/users\/1743"}],"replies":[{"embeddable":true,"href":"https:\/\/linitiative.ca\/International\/wp-json\/wp\/v2\/comments?post=114368"}],"version-history":[{"count":0,"href":"https:\/\/linitiative.ca\/International\/wp-json\/wp\/v2\/posts\/114368\/revisions"}],"wp:attachment":[{"href":"https:\/\/linitiative.ca\/International\/wp-json\/wp\/v2\/media?parent=114368"}],"wp:term":[{"taxonomy":"category","embeddable":true,"href":"https:\/\/linitiative.ca\/International\/wp-json\/wp\/v2\/categories?post=114368"},{"taxonomy":"post_tag","embeddable":true,"href":"https:\/\/linitiative.ca\/International\/wp-json\/wp\/v2\/tags?post=114368"}],"curies":[{"name":"wp","href":"https:\/\/api.w.org\/{rel}","templated":true}]}}