{"id":114370,"date":"2021-04-05T07:52:00","date_gmt":"2021-04-05T11:52:00","guid":{"rendered":"https:\/\/linitiative.ca\/International\/a-seville-les-oranges-produisent-de-lelectricite-et-de-leau-potable\/"},"modified":"2021-04-05T07:52:00","modified_gmt":"2021-04-05T11:52:00","slug":"a-seville-les-oranges-produisent-de-lelectricite-et-de-leau-potable","status":"publish","type":"post","link":"https:\/\/linitiative.ca\/International\/a-seville-les-oranges-produisent-de-lelectricite-et-de-leau-potable\/","title":{"rendered":"A S\u00e9ville, les oranges produisent de l\u2019\u00e9lectricit\u00e9 et de l\u2019eau potable"},"content":{"rendered":"<p><span class=\"c2\"><em><strong><img decoding=\"async\" src=\"\/uploads\/FCK_files\/Mohamed-Larbi-Bouguerra(43).jpg\" alt=\"\" width=\"20%\" vspace=\"5\" hspace=\"5\" align=\"left\"\/>Par Mohamed Larbi Bouguerra &#8211;<\/strong><\/em><\/span> Le printemps, \u00e0 S\u00e9ville<span class=\"c3\"><sup>**<\/sup><\/span>, donne le signal aux 48 000 orangers ornant les rues de la capitale de l\u2019Andalousie d\u2019embaumer l\u2019atmosph\u00e8re des senteurs d\u2019\u00ab azahar \u00bb &#8211; la fleur d\u2019oranger \u00e0 la captivante odeur. \u00a0<br \/>Ne dit-on pas que S\u00e9ville est la plus grande orangeraie du monde ?<\/p>\n<p>La ville qu\u2019a conquise Moussa Ibn Noussa\u00efr en avril 711 est prise d\u2019assaut (en temps normal, sans pand\u00e9mie bien s\u00fbr) en cette saison, par les touristes venus admirer l\u2019Alcazar des Almohades, le somptueux minaret du XII\u00e8me si\u00e8cle -devenu clocher de cath\u00e9drale et d\u00fbment baptis\u00e9 du nom de Giralda &#8211; \u0153uvre d\u2019Abou Yacoub Youssef en 1184 et la Torre del Oro (La Tour de l\u2019Or) sur le Guadalquivir. Cadeau s\u00e9villan en prime : les touristes respirent \u00e0 pleins poumons ces effluves enchanteurs venus d\u2019Orient.\u00a0<\/p>\n<p>Pour la municipalit\u00e9 de la ville pourtant &#8211; nous dit Stephen Burgen (The Guardian, 23 f\u00e9vrier 2021) &#8211; les 6 millions d\u2019oranges am\u00e8res (bigarades) qui atterrissent sur le pav\u00e9 des rues en hiver font courir des risques de chute et de glissade non contr\u00f4l\u00e9e aux pi\u00e9tons et constituent un s\u00e9rieux casse-t\u00eate pour le service de nettoyage s\u00e9villan qui emploie 200 personnes pour les ramasser. De plus, si les oranges sont bien belles \u00e0 admirer sur l\u2019arbre, les roues des v\u00e9hicules en les \u00e9crasant \u00e0 terre rendent les rues poisseuses de jus et noires de mouches.<\/p>\n<p>De fait, les bigaradiers viennent d\u2019Asie et ce sont les conqu\u00e9rants arabes qui les ont introduits en Andalousie, il y a 1000 ans.<\/p>\n<p><span class=\"c4\"><strong>Un autre jus d\u2019orange<\/strong><\/span><\/p>\n<p>De ces oranges devenues encombrantes, S\u00e9ville veut aujourd\u2019hui extraire un autre jus: de l\u2019\u00e9lectricit\u00e9. La cit\u00e9 andalouse a lanc\u00e9 une unit\u00e9 pilote pour utiliser le m\u00e9thane CH4 &#8211; un hydrocarbure satur\u00e9 issu de la fermentation du fruit &#8211; pour g\u00e9n\u00e9rer de l\u2019\u00e9lectricit\u00e9.<\/p>\n<p>La compagnie municipale de l\u2019eau de S\u00e9ville l\u2019\u00abEmasesa\u00bb va utiliser 35 tonnes de ces oranges am\u00e8res pour produire de l\u2019\u00e9lectricit\u00e9 destin\u00e9e au fonctionnement\u00a0 d\u2019une des unit\u00e9s de traitement de l\u2019eau de la ville. Les oranges iront dans une usine existante qui g\u00e9n\u00e8re d\u00e9j\u00e0 de l\u2019\u00e9lectricit\u00e9 \u00e0 partir du compost, la ville ayant adopt\u00e9 une politique en faveur des \u00e9nergies renouvelables et du recyclage depuis un certain temps. Le directeur d\u2019Emesesa esp\u00e8re \u00eatre en mesure de recycler toute la production des orangers de la ville. Il estime que la capitale andalouse devra investir 250 000 \u20ac \u00e0 cet effet ajoutant : \u00ab Le jus contient beaucoup de fructose &#8211; un sucre ayant de tr\u00e8s courtes cha\u00eenes de carbone dont les performances \u00e9nerg\u00e9tiques au cours du processus de fermentation sont remarquables. Pour nous, ce n\u2019est pas seulement une question d\u2019argent. Les oranges sont une g\u00eane pour la ville et nous allons produire de la valeur ajout\u00e9e \u00e0 partir des d\u00e9chets. \u00bb<br \/>Pour le moment, la ville vise \u00e0 utiliser l\u2019\u00e9nergie provenant des orangers pour faire fonctionner les unit\u00e9s de traitement de l\u2019eau mais elle pense \u00e0 injecter dans le r\u00e9seau \u00e9lectrique urbain tout surplus d\u2019\u00e9nergie. L\u2019\u00e9quipe municipale en charge soutient que la grande quantit\u00e9 de fruits de la ville, au lieu d\u2019aller grossir les d\u00e9charges ou servir d\u2019engrais (apport de carbone au sol), est en mesure de d\u00e9livrer un formidable potentiel \u00e9nerg\u00e9tique.<\/p>\n<p>Au cours d\u2019une conf\u00e9rence de presse, le maire de S\u00e9ville, Juan Espadas Cejas, a d\u00e9clar\u00e9 : \u00ab Actuellement, Emesesa est un mod\u00e8le de durabilit\u00e9 et de lutte contre le changement climatique pour toute l\u2019Espagne. Les nouveaux investissements serviront en premier lieu les unit\u00e9s de purification de l\u2019eau qui consomment pr\u00e8s de 40% de l\u2019\u00e9nergie n\u00e9cessaire pour \u00e9tancher la soif des S\u00e9villans et leurs besoins d\u2019assainissement. Ce projet nous aidera \u00e0 atteindre nos objectifs de r\u00e9duction des \u00e9missions, d\u2019auto-suffisance \u00e9nerg\u00e9tique et d\u2019\u00e9conomie circulaire. \u00bb<\/p>\n<p><span class=\"c4\"><strong>Un mod\u00e8le a appliquer en Tunisie?<\/strong><\/span><\/p>\n<p>Les d\u00e9chets des agrumes, des grenades, des melons, des past\u00e8ques\u2026 qui jonchent si souvent nos rues et nos plages pourraient subir un traitement comme celui de S\u00e9ville. Nos municipalit\u00e9s devraient s\u2019en inspirer m\u00eame si les d\u00e9chets ne sont pas toujours aussi g\u00e9ographiquement localis\u00e9s que dans le cas de la capitale andalouse.<\/p>\n<p>Les manifestations de nos docteurs ch\u00f4meurs fendent le c\u0153ur de tout \u00eatre sensible. Pourquoi ne pas demander \u00e0 ces jeunes talents de s\u2019investir et de concevoir des projets similaires ? Les municipalit\u00e9s et les hommes d\u2019affaires devraient faire preuve d\u2019imagination, d\u2019innovation et d\u2019initiative pour tirer d\u2019affaire tous ces jeunes et pour appuyer leurs projets de d\u00e9veloppement durable et de recyclage par exemple.<\/p>\n<p>Quant \u00e0 nos jeunes docteurs ch\u00f4meurs, ils devraient m\u00e9diter ce mot d\u2019Andr\u00e9 Gide : \u00ab Il est extr\u00eamement rare que la montagne soit abrupte de tous les c\u00f4t\u00e9s. \u00bb<\/p>\n<p>Courage ! Comptez sur vos forces avant celles des autres ou du gouvernement et pensez au bien de la Tunisie qui a tant besoin de vous.<\/p>\n<p class=\"c5\"><strong>Mohamed Larbi Bouguerra<\/strong><\/p>\n<p><span class=\"c6\"><em>** Ichbiliya<\/em><\/span><\/p>\n<p>Auteur:<br \/>\n<a href=\"https:\/\/www.leaders.com.tn\/article\/31674-a-seville-les-oranges-produisent-de-l-electricite-et-de-l-eau-potable\">Cliquez ici pour lire l&rsquo;article depuis sa source.<\/a><\/p>\n","protected":false},"excerpt":{"rendered":"<p>Par Mohamed Larbi Bouguerra &#8211; Le printemps, \u00e0 S\u00e9ville**, donne le signal aux 48 000 orangers ornant les rues de la capitale de l\u2019Andalousie d\u2019embaumer l\u2019atmosph\u00e8re des senteurs d\u2019\u00ab azahar \u00bb &#8211; la fleur d\u2019oranger \u00e0 la captivante odeur. \u00a0Ne dit-on pas que S\u00e9ville est la plus grande orangeraie du monde ? La ville qu\u2019a [&hellip;]<\/p>\n","protected":false},"author":1772,"featured_media":0,"comment_status":"closed","ping_status":"closed","sticky":false,"template":"","format":"standard","meta":{"fifu_image_url":"\/uploads\/FCK_files\/Mohamed-Larbi-Bouguerra(43).jpg","fifu_image_alt":"A S\u00e9ville, les oranges produisent de l\u2019\u00e9lectricit\u00e9 et de l\u2019eau potable","footnotes":""},"categories":[73,55],"tags":[],"class_list":["post-114370","post","type-post","status-publish","format-standard","hentry","category-actualite","category-tunisie"],"_links":{"self":[{"href":"https:\/\/linitiative.ca\/International\/wp-json\/wp\/v2\/posts\/114370","targetHints":{"allow":["GET"]}}],"collection":[{"href":"https:\/\/linitiative.ca\/International\/wp-json\/wp\/v2\/posts"}],"about":[{"href":"https:\/\/linitiative.ca\/International\/wp-json\/wp\/v2\/types\/post"}],"author":[{"embeddable":true,"href":"https:\/\/linitiative.ca\/International\/wp-json\/wp\/v2\/users\/1772"}],"replies":[{"embeddable":true,"href":"https:\/\/linitiative.ca\/International\/wp-json\/wp\/v2\/comments?post=114370"}],"version-history":[{"count":0,"href":"https:\/\/linitiative.ca\/International\/wp-json\/wp\/v2\/posts\/114370\/revisions"}],"wp:attachment":[{"href":"https:\/\/linitiative.ca\/International\/wp-json\/wp\/v2\/media?parent=114370"}],"wp:term":[{"taxonomy":"category","embeddable":true,"href":"https:\/\/linitiative.ca\/International\/wp-json\/wp\/v2\/categories?post=114370"},{"taxonomy":"post_tag","embeddable":true,"href":"https:\/\/linitiative.ca\/International\/wp-json\/wp\/v2\/tags?post=114370"}],"curies":[{"name":"wp","href":"https:\/\/api.w.org\/{rel}","templated":true}]}}