{"id":114371,"date":"2021-04-05T08:32:00","date_gmt":"2021-04-05T12:32:00","guid":{"rendered":"https:\/\/linitiative.ca\/International\/hommage-a-un-soldat-hors-normes-le-general-youssef-baraket-ancien-chef-detat-major-et-general-des-forces-armees-tunisiennes\/"},"modified":"2021-04-05T08:32:00","modified_gmt":"2021-04-05T12:32:00","slug":"hommage-a-un-soldat-hors-normes-le-general-youssef-baraket-ancien-chef-detat-major-et-general-des-forces-armees-tunisiennes","status":"publish","type":"post","link":"https:\/\/linitiative.ca\/International\/hommage-a-un-soldat-hors-normes-le-general-youssef-baraket-ancien-chef-detat-major-et-general-des-forces-armees-tunisiennes\/","title":{"rendered":"Hommage a un soldat hors normes: le g\u00e9n\u00e9ral Youssef Baraket, ancien chef d\u2019Etat-major et G\u00e9n\u00e9ral  des forces arm\u00e9es tunisiennes"},"content":{"rendered":"<p><span class=\"c2\"><em><strong><img decoding=\"async\" src=\"\/uploads\/FCK_files\/Mohamed-Kasdallah-min.jpg\" width=\"20%\" vspace=\"5\" hspace=\"5\" align=\"left\" alt=\"\"\/>Par Colonel(r) Mohamed Kasdallah &#8211;<\/strong><\/em><\/span> La grandeur d\u2019une nation se mesure au respect qu\u2019elle porte aux siens et la fa\u00e7on dont elle les accompagne lorsqu\u2019ils disparaissent, consciente pourtant, qu\u2019ils ne seront plus l\u00e0 pour lui imposer de s\u2019incliner face \u00e0 la force qu\u2019ils inspirent. Lorsqu\u2019un hommage f\u00e9d\u00e8re\u00a0 des centaines\u00a0 de personnes dans l\u2019\u00e9motion et la reconnaissance, que les \u00e2mes se mettent en berne le temps d\u2019un adieu, les choses prennent tout leur sens et on dit d\u2019un pays qu\u2019il vient de faire une d\u00e9monstration de sa grandeur.<\/p>\n<p>Cette r\u00e9flexion m\u2019a \u00e9t\u00e9\u00a0 inspir\u00e9e\u00a0 par\u00a0 la disparition d\u2019un des b\u00e2tisseurs de l\u2019Arm\u00e9e Nationale et l\u2019un de ses\u00a0 plus hauts grad\u00e9s: Le G\u00e9n\u00e9ral de Corps d\u2019Arm\u00e9e Youssef Baraket, d\u00e9c\u00e9d\u00e9 et enterr\u00e9\u00a0 le 04 avril 2021 dans l\u2019indiff\u00e9rence totale des t\u00eates\u00a0 qui nous gouvernent particuli\u00e8rement Le Commandant supr\u00eame des forces arm\u00e9es. Quant aux m\u00e9dias\u00a0 du pays, ils n\u2019ont pas pip\u00e9 mot; la mort d\u2019un militaire fut-il de haut rang\u00a0 constitue le cadet de leurs soucis. Pourtant, la disparition de cet illustre Officier c\u2019est un pan de l\u2019histoire de notre arm\u00e9e qui s\u2019\u00e9croule.<\/p>\n<p>En rendant ici un hommage \u00e0 ce grand patriote, je veux rendre hommage au tunisien authentique d\u2019hier qu\u2019il incarne et \u00e0 la Tunisie de demain qu\u2019il aurait peut-\u00eatre contribu\u00e9 \u00e0 inspirer car je souhaite de tout c\u0153ur que les nouvelles g\u00e9n\u00e9rations prennent exemple sur lui, sur les valeurs qu\u2019il a incarn\u00e9es, port\u00e9es et d\u00e9fendues au d\u00e9triment de l\u2019int\u00e9r\u00eat personnel plut\u00f4t\u00a0 que sur la racaille qui nous a souvent dirig\u00e9s.<\/p>\n<p>Ce qui captive chez le d\u00e9funt c\u2019est l\u2019homme lui-m\u00eame, son ressenti des choses, sa modestie, sa droiture et ses qualit\u00e9s qui ont toujours \u00e9t\u00e9 associ\u00e9es \u00e0 la rigueur et \u00e0 la discipline. Lors d\u2019un\u00a0 t\u00e9moignage \u2013 d\u00e9bat\u00a0\u00a0 organis\u00e9 en 2016 au si\u00e8ge de l\u2019Association des Anciens Officiers de l\u2019Arm\u00e9e\u00a0 et \u00e9voquant les \u00e9v\u00e8nements qui ont eu lieu dans\u00a0 la nuit du 06 au 07 novembre 1987, il a insist\u00e9 sur la primaut\u00e9 du civil sur le militaire et sur la loyaut\u00e9 de l\u2019arm\u00e9e envers la nation. Pendant cette nuit \u2013l\u00e0, il a\u00a0 \u00e9t\u00e9 contraint d\u2019accompagner\u00a0 lui-m\u00eame, alors chef d\u2019\u00e9tat-major de l\u2019arm\u00e9e de terre, le r\u00e9giment de chars qui \u00e9tait en man\u0153uvre jusqu\u2019\u00e0 Menzel J\u00e9mil pour s\u2019assurer de tout d\u00e9rapage et \u00e9viter toute d\u00e9viation du personnel.<\/p>\n<p>Que peut-on en tirer? Ce t\u00e9moignage nous a remu\u00e9s mais il a aussi stimul\u00e9 nos r\u00e9flexions sur nous-m\u00eames, notre sujet de toujours. Il nous a pouss\u00e9s \u00e0 aller plus en avant dans l\u2019explication autour de laquelle on tourne depuis soixante ans sans vouloir la saisir en entier. Il s\u2019agit de notre raison d\u2019\u00eatre\u00a0 dans la soci\u00e9t\u00e9. Mais cela est une autre histoire.<\/p>\n<p>Reste un regret, j\u2019aurais aim\u00e9 que le g\u00e9n\u00e9ral\u00a0 aille au-del\u00e0 du sept novembre et de nous parler de ce qu\u2019il a vu, pens\u00e9 et ressenti sous le r\u00e8gne de la pr\u00e9sente classe politique. Je suis s\u00fbr que ce n\u2019est pas pour cette Tunisie qu\u2019il s\u2019est sacrifi\u00e9. Ce n\u2019est pour elle que sont tomb\u00e9s ses fr\u00e8res d\u2019armes et ce n\u2019est pas elle qu\u2019il veut montrer comme exemple.<\/p>\n<p>Des hommes comme\u00a0 le\u00a0 G\u00e9n\u00e9ral Baraket, n\u2019ont jamais recherch\u00e9 les honneurs et les c\u00e9r\u00e9monies, ils les honnissent et ne souhaitent rien de plus que de passer le flambeau \u00e0 la jeunesse tunisienne. Ils sont l\u2019ADN du peuple tunisien auquel ils \u00e9taient fiers d\u2019appartenir, humbles, dignes et patriotiques jusqu\u2019\u00e0 l\u2019os. Leur seule raison d\u2019\u00eatre: servir la patrie et donner l\u2019exemple aux g\u00e9n\u00e9rations suivantes afin d\u2019achever ce qu\u2019ils n\u2019ont pas eu le temps \u00e0 r\u00e9aliser.<\/p>\n<p>C\u2019est \u00e0 nos disparus et \u00e0 ceux qui partiront sans \u00eatre c\u00e9l\u00e9br\u00e9s que je j\u2019ai pens\u00e9 en suivant l\u2019adieu fait au G\u00e9n\u00e9ral Baraket.<\/p>\n<p>Puisse la flamme transmise par le d\u00e9funt, \u00e9clairer la marche des futures g\u00e9n\u00e9rations sur une longue route difficile au long de laquelle il ne sera pas offert de repos. Qu\u2019elle symbolise aussi dans nos c\u0153urs, l\u2019honneur de notre m\u00e9tier d\u2019officier et la fid\u00e9lit\u00e9 \u00e0 notre drapeau.<\/p>\n<p>Que sa famille, qui est aussi la n\u00f4tre, re\u00e7oive ici mes hommages les plus sinc\u00e8res, mes condol\u00e9ances les plus attrist\u00e9es et ma reconnaissance \u00e9ternelle&#8230; .\u00a0 Allah Yarhmou<\/p>\n<p class=\"c3\"><strong>Colonel(r) Mohamed Kasdallah<\/strong><\/p>\n<p class=\"c4\"><strong>Lire aussi<\/strong><\/p>\n<p class=\"c4\"><a href=\"https:\/\/www.leaders.com.tn\/article\/31668-deces-du-general-de-corps-d-armee-youssef-baraket-un-illustre-chef-militaire-tunisien\" target=\"_blank\" rel=\"noopener\">D\u00e9c\u00e8s du g\u00e9n\u00e9ral de corps d\u2019arm\u00e9e Youssef Baraket : un illustre chef militaire tunisien<\/a><\/p>\n<p>Auteur:<br \/>\n<a href=\"https:\/\/www.leaders.com.tn\/article\/31675-hommage-a-un-soldat-hors-normes-le-general-youssef-baraket-ancien-chef-d-etat-major-et-general-des-forces-armees-tunisiennes\">Cliquez ici pour lire l&rsquo;article depuis sa source.<\/a><\/p>\n","protected":false},"excerpt":{"rendered":"<p>Par Colonel(r) Mohamed Kasdallah &#8211; La grandeur d\u2019une nation se mesure au respect qu\u2019elle porte aux siens et la fa\u00e7on dont elle les accompagne lorsqu\u2019ils disparaissent, consciente pourtant, qu\u2019ils ne seront plus l\u00e0 pour lui imposer de s\u2019incliner face \u00e0 la force qu\u2019ils inspirent. Lorsqu\u2019un hommage f\u00e9d\u00e8re\u00a0 des centaines\u00a0 de personnes dans l\u2019\u00e9motion et la [&hellip;]<\/p>\n","protected":false},"author":1772,"featured_media":0,"comment_status":"closed","ping_status":"closed","sticky":false,"template":"","format":"standard","meta":{"fifu_image_url":"\/uploads\/FCK_files\/Mohamed-Kasdallah-min.jpg","fifu_image_alt":"Hommage a un soldat hors normes: le g\u00e9n\u00e9ral Youssef Baraket, ancien chef d\u2019Etat-major et G\u00e9n\u00e9ral  des forces arm\u00e9es tunisiennes","footnotes":""},"categories":[73,55],"tags":[],"class_list":["post-114371","post","type-post","status-publish","format-standard","hentry","category-actualite","category-tunisie"],"_links":{"self":[{"href":"https:\/\/linitiative.ca\/International\/wp-json\/wp\/v2\/posts\/114371","targetHints":{"allow":["GET"]}}],"collection":[{"href":"https:\/\/linitiative.ca\/International\/wp-json\/wp\/v2\/posts"}],"about":[{"href":"https:\/\/linitiative.ca\/International\/wp-json\/wp\/v2\/types\/post"}],"author":[{"embeddable":true,"href":"https:\/\/linitiative.ca\/International\/wp-json\/wp\/v2\/users\/1772"}],"replies":[{"embeddable":true,"href":"https:\/\/linitiative.ca\/International\/wp-json\/wp\/v2\/comments?post=114371"}],"version-history":[{"count":0,"href":"https:\/\/linitiative.ca\/International\/wp-json\/wp\/v2\/posts\/114371\/revisions"}],"wp:attachment":[{"href":"https:\/\/linitiative.ca\/International\/wp-json\/wp\/v2\/media?parent=114371"}],"wp:term":[{"taxonomy":"category","embeddable":true,"href":"https:\/\/linitiative.ca\/International\/wp-json\/wp\/v2\/categories?post=114371"},{"taxonomy":"post_tag","embeddable":true,"href":"https:\/\/linitiative.ca\/International\/wp-json\/wp\/v2\/tags?post=114371"}],"curies":[{"name":"wp","href":"https:\/\/api.w.org\/{rel}","templated":true}]}}