{"id":114372,"date":"2021-04-05T10:20:00","date_gmt":"2021-04-05T14:20:00","guid":{"rendered":"https:\/\/linitiative.ca\/International\/mohsen-ben-abdallah-quand-le-theatre-trouve-son-double\/"},"modified":"2021-04-05T10:20:00","modified_gmt":"2021-04-05T14:20:00","slug":"mohsen-ben-abdallah-quand-le-theatre-trouve-son-double","status":"publish","type":"post","link":"https:\/\/linitiative.ca\/International\/mohsen-ben-abdallah-quand-le-theatre-trouve-son-double\/","title":{"rendered":"Mohsen Ben Abdallah : quand le th\u00e9\u00e2tre trouve son double*"},"content":{"rendered":"<p><span class=\"c2\"><strong><em><img decoding=\"async\" src=\"\/uploads\/FCK_files\/Mohsen-Reddissi(6).jpg\" alt=\"\" width=\"20%\" vspace=\"5\" hspace=\"5\" align=\"left\"\/>Par Mohsen Redissi &#8211;<\/em><\/strong><\/span> Est-ce l\u2019ironie du sort ?, ou, en bon musulman, est-ce maktoub ? Est-il pr\u00e9destin\u00e9 \u00e0 faire de sa vie une pi\u00e8ce de th\u00e9\u00e2tre en deux actes, vivre et mourir, entrecoup\u00e9e de sc\u00e8nes de dur\u00e9e \u00e9gale ? Sa naissance le 27 mars est c\u00e9l\u00e9br\u00e9e chaque ann\u00e9e partout dans le monde par des artistes dont les planches sont leur gagne-pain et des loges exig\u00fces leur chez soi. Comme eux au temps de sa splendeur et \u00e0 chaque nouvelle repr\u00e9sentation, il rena\u00eet \u00e0 la vie. Tel un Ph\u0153nix, les trois coups frapp\u00e9s avant chaque repr\u00e9sentation r\u00e9veillent en lui le d\u00e9mon de la nuit. Lui aussi Mohsen Ben Abdallah est entr\u00e9 dans la l\u00e9gende.<\/p>\n<p>Il a quitt\u00e9 l\u2019\u00e9cole pour se consacrer \u00e0 sa passion et son art plut\u00f4t que de suivre le m\u00e9tier tout trac\u00e9 par les parents. Tel p\u00e8re tel fils r\u00e9plique la sagesse populaire. Lui il a cherch\u00e9 la popularit\u00e9. Il a h\u00e2te de bruler les planches en s\u00e9chant les cours. Il se voyait d\u00e9j\u00e0 en haut de l&rsquo;affiche. L\u2019\u00e9tendue de son art il l\u2019a acquise aux cot\u00e9s du g\u00e9ant Aly Ben Ayed. Le succ\u00e8s venu n\u2019a pas g\u00e2ch\u00e9 sa nature bienveillante. Il a cherch\u00e9 \u00e0 transmettre son art aux apprentis artistes avides de conseils, toujours \u00e0 la recherche du bon tuyau de leurs ain\u00e9s pour un premier r\u00f4le.<\/p>\n<p><span class=\"c3\"><strong>La Marsa reconnaissante<\/strong><\/span><\/p>\n<p>L\u2019\u00e9v\u00e9nement est quadruple. La commune de La Marsa honore une figure artistique locale, une rue, une nouvelle plaque tr\u00e8s tendance dans les rues dans la ville et enfin un \u00e9v\u00e9nement d\u2019envergure internationale. Le maire tire la toile et laisse entrevoir derri\u00e8re le tissu qui se r\u00e9duit le nouveau nom que porte la nouvelle plaque \u00e9tincelante. Une plaque se meurt une autre interactive prend sa place. La guerre des plaques, \u00ab tectonique des plaque \u00bb pour les g\u00e9o\u2026m\u00e8tres ou logues.\u00a0 Telle est la nouvelle loi de cette ville baign\u00e9e par la M\u00e9diterran\u00e9e, choy\u00e9e par les beys de Tunis lors de leur vill\u00e9giature d\u2019\u00e9t\u00e9 et adul\u00e9e par les tunisois nantis aux premi\u00e8res chaleurs de l\u2019\u00e9t\u00e9. Ils reviennent prendre possession de leur villas rest\u00e9es ferm\u00e9es neuf mois durant \u00e0 la recherche de fraicheur. Le ballet incessant des vielles automobiles remplies de mobiliers marque le d\u00e9but des f\u00eates et des longues soir\u00e9es d\u2019\u00e9t\u00e9 devant les entr\u00e9es des maisons rest\u00e9es silencieuses trop longtemps. L\u2019\u00e9v\u00e9nement a \u00e9t\u00e9 largement suivi par la population, les pouvoirs locaux et les hommes de la culture.<\/p>\n<p><span class=\"c3\"><strong>On ne vit que deux fois<\/strong><\/span><\/p>\n<p>Ils sont venus ils sont tous l\u00e0 ils sont venus sentir la sc\u00e8ne encore une fois : les com\u00e9diens qui l\u2019ont c\u00f4toy\u00e9 et ceux qu\u2019il a form\u00e9s en b\u00e9n\u00e9volat dans les salles de classes ou dans les maisons de jeunes. Ses adversaires d\u2019une soir\u00e9e sur les planches sont l\u00e0, ils sont ses amis proches dans la p\u00e9nombre du caf\u00e9-bar Brasilia au c\u0153ur de l\u2019ancien Palmarium de Tunis. Une porte d\u00e9rob\u00e9e juxtapos\u00e9e \u00e0 l\u2019entr\u00e9e des artistes rendaient les pauses-caf\u00e9s le prolongement du spectacle en pr\u00e9paration. Ils sont tous venus louer en ch\u0153ur les m\u00e9rites du d\u00e9funt et rendre un hommage posthume \u00e0 l\u2019homme, une b\u00eate de sc\u00e8ne, qu\u2019ils ont connu affable et disponible. Leur catharsis collective. Lui n\u2019a jamais os\u00e9 quitter la sc\u00e8ne c\u2019est elle qui l\u2019a laiss\u00e9 partir rejoindre le Tout Puissant.<\/p>\n<p>Mourad III, Caligula, Jules C\u00e9sar, Scipion, Eric XIV, Al-Bakhil (L\u2019Avare), Mar\u00e9chal Ammar(Le Bourgeois gentilhomme)\u2026 dans leur costume d\u2019apparat restent fig\u00e9s de marbre, bluff\u00e9s par son ardeur \u00e0 s\u2019investir dans ces r\u00f4les et d\u2019entrer de plain-pied dans la peau de ces personnages embl\u00e9matiques. Tous applaudissent ses performances et rient \u00e0 pleines dents de ses fourberies. Que de r\u00f4les il a incarn\u00e9s avec la Troupe de la ville de Tunis sur les sc\u00e8nes arabes et europ\u00e9ennes comme acteur ou metteur en sc\u00e8ne. Son r\u00f4le le plus cher en fin de vie sans port de masque sous la direction de son propre instinct est celui d\u2019un mari et d\u2019un p\u00e8re combl\u00e9. Sa grande famille serr\u00e9e autour de ce noyau reste son public acquis d\u2019office, elle lui d\u00e9cerne le Prix de la meilleure \u0153uvre sans conteste.<\/p>\n<p><span class=\"c3\"><strong>Ma commune m\u2019a plaqu\u00e9<\/strong><\/span><\/p>\n<p>La commune de La Marsa a intelligemment saisi la Journ\u00e9e Mondiale du Th\u00e9\u00e2tre pour c\u00e9l\u00e9brer \u00e0 sa mani\u00e8re les multiples facettes de cet \u00e9v\u00e9nement. Elle ne peut pas laisser passer cette occasion sans faire son cin\u00e9ma. Tout d\u2019abord, la journ\u00e9e est propice pour rendre hommage \u00e0 cette figure locale qui a fait du quatri\u00e8me art sa vocation. Elle le remet sur les feux de la rampe encore une fois. Lui dans l\u2019au-del\u00e0 nous sur la terre ferme. Elle rebaptise une rue en son nom \u00ab Rue Mohsen Ben Abdallah \u00bb o\u00f9 ont v\u00e9cu ses arri\u00e8res grands-parents, o\u00f9 il y a pass\u00e9 le plus clair de sa vie et y a jou\u00e9 ses premiers r\u00f4les. Une occasion \u00e9galement pour cette commune qui innove en collaboration avec les jeunes. Des banlieusards qui Thordent le tonnerre et clouent sur les murs des habitations les nouvelles plaques interactives multilingues. La simple lecture du code QR d\u00e9voile la signification de la rue et les rues avoisinantes pour une meilleure localisation donc une meilleure orientation. Un guide virtuel.<\/p>\n<p>La commune de La Marsa innove encore une fois. Elle n\u2019est jamais \u00e0 cot\u00e9 de la plaque.<\/p>\n<p class=\"c4\"><strong>Mohsen Redissi<\/strong><\/p>\n<p><span class=\"c5\"><em>* D\u00e9formation et r\u00e9f\u00e9rence faite \u00e0 \u00ab Le Th\u00e9\u00e2tre et son double \u00bb essais \u00e9crits par Antonin Artaud, 1938<\/em><\/span><br \/>\u00a0<\/p>\n<p>Auteur:<br \/>\n<a href=\"https:\/\/www.leaders.com.tn\/article\/31676-mohsen-ben-abdallah-quand-le-theatre-trouve-son-double\">Cliquez ici pour lire l&rsquo;article depuis sa source.<\/a><\/p>\n","protected":false},"excerpt":{"rendered":"<p>Par Mohsen Redissi &#8211; Est-ce l\u2019ironie du sort ?, ou, en bon musulman, est-ce maktoub ? Est-il pr\u00e9destin\u00e9 \u00e0 faire de sa vie une pi\u00e8ce de th\u00e9\u00e2tre en deux actes, vivre et mourir, entrecoup\u00e9e de sc\u00e8nes de dur\u00e9e \u00e9gale ? Sa naissance le 27 mars est c\u00e9l\u00e9br\u00e9e chaque ann\u00e9e partout dans le monde par des [&hellip;]<\/p>\n","protected":false},"author":1772,"featured_media":0,"comment_status":"closed","ping_status":"closed","sticky":false,"template":"","format":"standard","meta":{"fifu_image_url":"\/uploads\/FCK_files\/Mohsen-Reddissi(6).jpg","fifu_image_alt":"Mohsen Ben Abdallah : quand le th\u00e9\u00e2tre trouve son double*","footnotes":""},"categories":[73,55],"tags":[],"class_list":["post-114372","post","type-post","status-publish","format-standard","hentry","category-actualite","category-tunisie"],"_links":{"self":[{"href":"https:\/\/linitiative.ca\/International\/wp-json\/wp\/v2\/posts\/114372","targetHints":{"allow":["GET"]}}],"collection":[{"href":"https:\/\/linitiative.ca\/International\/wp-json\/wp\/v2\/posts"}],"about":[{"href":"https:\/\/linitiative.ca\/International\/wp-json\/wp\/v2\/types\/post"}],"author":[{"embeddable":true,"href":"https:\/\/linitiative.ca\/International\/wp-json\/wp\/v2\/users\/1772"}],"replies":[{"embeddable":true,"href":"https:\/\/linitiative.ca\/International\/wp-json\/wp\/v2\/comments?post=114372"}],"version-history":[{"count":0,"href":"https:\/\/linitiative.ca\/International\/wp-json\/wp\/v2\/posts\/114372\/revisions"}],"wp:attachment":[{"href":"https:\/\/linitiative.ca\/International\/wp-json\/wp\/v2\/media?parent=114372"}],"wp:term":[{"taxonomy":"category","embeddable":true,"href":"https:\/\/linitiative.ca\/International\/wp-json\/wp\/v2\/categories?post=114372"},{"taxonomy":"post_tag","embeddable":true,"href":"https:\/\/linitiative.ca\/International\/wp-json\/wp\/v2\/tags?post=114372"}],"curies":[{"name":"wp","href":"https:\/\/api.w.org\/{rel}","templated":true}]}}