{"id":114373,"date":"2021-04-05T14:00:00","date_gmt":"2021-04-05T18:00:00","guid":{"rendered":"https:\/\/linitiative.ca\/International\/document-exclusif-le-reseau-de-bourguiba\/"},"modified":"2021-04-05T14:00:00","modified_gmt":"2021-04-05T18:00:00","slug":"document-exclusif-le-reseau-de-bourguiba","status":"publish","type":"post","link":"https:\/\/linitiative.ca\/International\/document-exclusif-le-reseau-de-bourguiba\/","title":{"rendered":"Document exclusif: Le r\u00e9seau de Bourguiba"},"content":{"rendered":"<p>Qui \u00e9taient les principaux interlocuteurs que Bourguiba appelait fr\u00e9quemment au t\u00e9l\u00e9phone en 1951 ? La liste de son annuaire t\u00e9l\u00e9phonique personnel est soigneusement conserv\u00e9e aux Archives nationales. Sur une grande feuille dactylographi\u00e9e, alors que le tableur Excell n\u2019existait pas encore, elle s\u2019aligne sur trois colonnes : les noms, le num\u00e9ro de t\u00e9l\u00e9phone et la localit\u00e9. L\u2019ensemble est \u00e9tabli en trois rang\u00e9es.<\/p>\n<p>Pas moins de 80 noms y figurent. Devinez qui est en t\u00eate ? Salah Ben Youssef, avec deux num\u00e9ros d\u2019appel, l\u2019un celui de son cabinet d\u2019avocat et, l\u2019autre, de son domicile. La liste comprend des dirigeants du N\u00e9o-Destour et des organisations nationales, des avocats et de grandes figures : B\u00e9hi Ladgham (alors \u00e0 la Chambre de commerce, avant qu\u2019il ne parte\u00a0 pour New York), Ali Belhaou\u00e8ne, H\u00e9di Nouira, Farhat Hached, H\u00e9di Chaker, Sadok Mokaddem, Jallouli Far\u00e8s (Lyc\u00e9e Alaouia), Ahmed Tlili, Ferjani Belhaj Ammar, l\u2019Union des agriculteurs, Mohamed Mili (PTT), Haj Mohamed Ben Jomaa, M\u2019hammed Sfar, Salah Ben Ayayche, Mohamed Salah Ennaifar,\u00a0 Me Abderrahmane Aloulou, Me Taher Lakhdhar, Me Abdennebi, Me Ahmed Monastiri, Bchira Ben Mrad&#8230; Figurent \u00e9galement dans cet annuaire, les num\u00e9ros de journaux (Azzohra, Ennahdha, Assabah&#8230;).<\/p>\n<p>La liste r\u00e9gionale couvre pratiquement l\u2019ensemble du pays : Ahmed Ben Ayed (Sfax), Mustapha Ben Fadhl et Habib Soussi (Menzel Temime), Allala Haouat (Soliman),H\u00e9di Reguig (Nabeul), Mohamed Karma (Le Kef), Mustapha Ouali (Bizerte), Habib Lahbib (Mateur), Jalloul Ben Cherifa (Sousse), Ammar Chouchane (Kalaa Kebira), Ajmi Slim et Salah Ataya (Moknine), Mhammed Sfar (Mahdia), Amor Hammami, Dr Abid et Chakroun (Kairouan),\u00a0 Salah Krich\u00e8ne (Kasserine), Rabah Ben Youn\u00e8s (Feriana), Salah Ben Trad (Th\u00e9lepte), Abdelaziz Marouani (Makthar), Ali Zlaoui et Khemaies Bedda (B\u00e9ja), Taher Debaya, Amor Ghannouchi et Ahmed Abdelkerim (Gab\u00e8s), Ahmed Kammoun (Gafsa), Sghaier Elb\u00e9chir (Bir Lahfay), B\u00e9chir Grissiaa (Ben Guerdane), Chedli Maazoul (Djerba), Brahim Chafai (Deguech), Jedidi Bensadok (Tozeur)&#8230;<\/p>\n<p>L\u2019analyse de cet annuaire r\u00e9v\u00e8le trois aspects significatifs. Le premier, toute l\u2019attention de Bourguiba \u00e0 consigner soigneusement ses contacts utiles. Le deuxi\u00e8me, c\u2019est l\u2019\u00e9tendue de son r\u00e9seau. Quant au troisi\u00e8me, il est inh\u00e9rent au caract\u00e8re inn\u00e9 de communicateur que le \u2018\u2019Combattant supr\u00eame\u2019\u2019 n\u2019a cess\u00e9 de cultiver pour en faire une arme redoutable de son combat. Avant l\u2019\u00e8re de l\u2019internet, des mails et des r\u00e9seaux sociaux, Habib Bourguiba s\u2019appliquait \u00e0 rester en contact direct avec ceux qui comptent pour l\u2019accompagner dans sa lutte pour l\u2019ind\u00e9pendance&#8230;<\/p>\n<p><img decoding=\"async\" src=\"\/uploads\/FCK_files\/Annuaire.jpg\" alt=\"\" width=\"100%\" vspace=\"5\" hspace=\"5\" align=\"middle\"\/><br \/><strong>Lire aussi<\/strong><\/p>\n<p><a href=\"https:\/\/www.leaders.com.tn\/article\/31658-la-lettre-de-bourguiba-jr-a-son-pere\" target=\"_blank\" rel=\"noopener\">Exclusif: La lettre de Bourguiba Jr \u00e0 son p\u00e8re (Document)<\/a><br \/><a href=\"https:\/\/www.leaders.com.tn\/article\/31657-bourguiba-deux-nouveaux-documents-inedits\" target=\"_blank\" rel=\"noopener\">Bourguiba: Deux nouveaux documents in\u00e9dits<\/a><\/p>\n<p>Auteur:<br \/>\n<a href=\"https:\/\/www.leaders.com.tn\/article\/31672-le-reseau-de-bourguiba\">Cliquez ici pour lire l&rsquo;article depuis sa source.<\/a><\/p>\n","protected":false},"excerpt":{"rendered":"<p>Qui \u00e9taient les principaux interlocuteurs que Bourguiba appelait fr\u00e9quemment au t\u00e9l\u00e9phone en 1951 ? La liste de son annuaire t\u00e9l\u00e9phonique personnel est soigneusement conserv\u00e9e aux Archives nationales. Sur une grande feuille dactylographi\u00e9e, alors que le tableur Excell n\u2019existait pas encore, elle s\u2019aligne sur trois colonnes : les noms, le num\u00e9ro de t\u00e9l\u00e9phone et la localit\u00e9. [&hellip;]<\/p>\n","protected":false},"author":1772,"featured_media":0,"comment_status":"closed","ping_status":"closed","sticky":false,"template":"","format":"standard","meta":{"fifu_image_url":"\/uploads\/FCK_files\/Annuaire.jpg","fifu_image_alt":"Document exclusif: Le r\u00e9seau de Bourguiba","footnotes":""},"categories":[73,55],"tags":[],"class_list":["post-114373","post","type-post","status-publish","format-standard","hentry","category-actualite","category-tunisie"],"_links":{"self":[{"href":"https:\/\/linitiative.ca\/International\/wp-json\/wp\/v2\/posts\/114373","targetHints":{"allow":["GET"]}}],"collection":[{"href":"https:\/\/linitiative.ca\/International\/wp-json\/wp\/v2\/posts"}],"about":[{"href":"https:\/\/linitiative.ca\/International\/wp-json\/wp\/v2\/types\/post"}],"author":[{"embeddable":true,"href":"https:\/\/linitiative.ca\/International\/wp-json\/wp\/v2\/users\/1772"}],"replies":[{"embeddable":true,"href":"https:\/\/linitiative.ca\/International\/wp-json\/wp\/v2\/comments?post=114373"}],"version-history":[{"count":0,"href":"https:\/\/linitiative.ca\/International\/wp-json\/wp\/v2\/posts\/114373\/revisions"}],"wp:attachment":[{"href":"https:\/\/linitiative.ca\/International\/wp-json\/wp\/v2\/media?parent=114373"}],"wp:term":[{"taxonomy":"category","embeddable":true,"href":"https:\/\/linitiative.ca\/International\/wp-json\/wp\/v2\/categories?post=114373"},{"taxonomy":"post_tag","embeddable":true,"href":"https:\/\/linitiative.ca\/International\/wp-json\/wp\/v2\/tags?post=114373"}],"curies":[{"name":"wp","href":"https:\/\/api.w.org\/{rel}","templated":true}]}}