{"id":114379,"date":"2021-04-05T09:07:49","date_gmt":"2021-04-05T13:07:49","guid":{"rendered":"https:\/\/linitiative.ca\/International\/le-senegal-ouvre-un-consulat-general-a-dakhla\/"},"modified":"2021-04-05T09:07:49","modified_gmt":"2021-04-05T13:07:49","slug":"le-senegal-ouvre-un-consulat-general-a-dakhla","status":"publish","type":"post","link":"https:\/\/linitiative.ca\/International\/le-senegal-ouvre-un-consulat-general-a-dakhla\/","title":{"rendered":"Le S\u00e9n\u00e9gal ouvre un consulat g\u00e9n\u00e9ral \u00e0 Dakhla"},"content":{"rendered":"<p><strong>La R\u00e9publique du S\u00e9n\u00e9gal a ouvert, lundi, un consulat g\u00e9n\u00e9ral \u00e0 Dakhla, la 10\u00e8me repr\u00e9sentation diplomatique inaugur\u00e9e dans cette ville depuis un peu plus d\u2019un an.<\/strong><\/p>\n<div class=\"c10\">\n<\/div>\n<p>La c\u00e9r\u00e9monie d\u2019inauguration a \u00e9t\u00e9 pr\u00e9sid\u00e9e par le ministre des Affaires \u00e9trang\u00e8res, de la Coop\u00e9ration africaine et des Marocains r\u00e9sidant \u00e0 l\u2019\u00e9tranger, Nasser Bourita et la ministre des Affaires \u00e9trang\u00e8res, et des S\u00e9n\u00e9galais de l\u2019Ext\u00e9rieur, A\u00efssata Tall Sall.<\/p>\n<p><strong>Lire aussi |<\/strong> <a href=\"https:\/\/www.challenge.ma\/le-secteur-de-lassurance-sen-sort-avec-une-croissance-de-19-180533\/\"><strong>Le secteur de l\u2019assurance s\u2019en sort avec une croissance de 1,9%<\/strong><\/a><\/p>\n<p>Depuis le d\u00e9but de l\u2019ann\u00e9e derni\u00e8re, la ville de Dakhla a connu une forte dynamique diplomatique avec l\u2019inauguration des consulats de Gambie, de la Guin\u00e9e, de la R\u00e9publique de Djibouti, de la R\u00e9publique du Liberia, du Burkina Faso, de la R\u00e9publique de Guin\u00e9e Bissau, de la R\u00e9publique de Guin\u00e9e \u00c9quatoriale et de la R\u00e9publique d\u00e9mocratique du Congo (RDC), en plus de la R\u00e9publique d\u2019Ha\u00efti.<\/p>\n<p><strong>Lire aussi |\u00a0<a rel=\"noreferrer noopener\" href=\"https:\/\/www.challenge.ma\/lactionnaire-chinois-de-la-societe-damenagement-de-tanger-tech-en-visite-au-maroc-180416\/\" target=\"_blank\">L\u2019actionnaire chinois de la Soci\u00e9t\u00e9 d\u2019Am\u00e9nagement de Tanger Tech en visite au Maroc<\/a><\/strong><\/p>\n<p>Avec MAP<\/p>\n<p>Auteur: challenge<br \/>\n<a href=\"https:\/\/www.challenge.ma\/le-senegal-ouvre-un-consulat-general-a-dakhla-180555\/\">Cliquez ici pour lire l&rsquo;article depuis sa source.<\/a><\/p>\n","protected":false},"excerpt":{"rendered":"<p>La R\u00e9publique du S\u00e9n\u00e9gal a ouvert, lundi, un consulat g\u00e9n\u00e9ral \u00e0 Dakhla, la 10\u00e8me repr\u00e9sentation diplomatique inaugur\u00e9e dans cette ville depuis un peu plus d\u2019un an. La c\u00e9r\u00e9monie d\u2019inauguration a \u00e9t\u00e9 pr\u00e9sid\u00e9e par le ministre des Affaires \u00e9trang\u00e8res, de la Coop\u00e9ration africaine et des Marocains r\u00e9sidant \u00e0 l\u2019\u00e9tranger, Nasser Bourita et la ministre des Affaires [&hellip;]<\/p>\n","protected":false},"author":1787,"featured_media":0,"comment_status":"closed","ping_status":"closed","sticky":false,"template":"","format":"standard","meta":{"fifu_image_url":"","fifu_image_alt":"","footnotes":""},"categories":[78,54],"tags":[],"class_list":["post-114379","post","type-post","status-publish","format-standard","hentry","category-economie","category-maroc"],"_links":{"self":[{"href":"https:\/\/linitiative.ca\/International\/wp-json\/wp\/v2\/posts\/114379","targetHints":{"allow":["GET"]}}],"collection":[{"href":"https:\/\/linitiative.ca\/International\/wp-json\/wp\/v2\/posts"}],"about":[{"href":"https:\/\/linitiative.ca\/International\/wp-json\/wp\/v2\/types\/post"}],"author":[{"embeddable":true,"href":"https:\/\/linitiative.ca\/International\/wp-json\/wp\/v2\/users\/1787"}],"replies":[{"embeddable":true,"href":"https:\/\/linitiative.ca\/International\/wp-json\/wp\/v2\/comments?post=114379"}],"version-history":[{"count":0,"href":"https:\/\/linitiative.ca\/International\/wp-json\/wp\/v2\/posts\/114379\/revisions"}],"wp:attachment":[{"href":"https:\/\/linitiative.ca\/International\/wp-json\/wp\/v2\/media?parent=114379"}],"wp:term":[{"taxonomy":"category","embeddable":true,"href":"https:\/\/linitiative.ca\/International\/wp-json\/wp\/v2\/categories?post=114379"},{"taxonomy":"post_tag","embeddable":true,"href":"https:\/\/linitiative.ca\/International\/wp-json\/wp\/v2\/tags?post=114379"}],"curies":[{"name":"wp","href":"https:\/\/api.w.org\/{rel}","templated":true}]}}