{"id":114380,"date":"2021-04-05T11:15:23","date_gmt":"2021-04-05T15:15:23","guid":{"rendered":"https:\/\/linitiative.ca\/International\/journee-mondiale-du-sport-sous-le-signe-de-la-vigilance\/"},"modified":"2021-04-05T11:15:23","modified_gmt":"2021-04-05T15:15:23","slug":"journee-mondiale-du-sport-sous-le-signe-de-la-vigilance","status":"publish","type":"post","link":"https:\/\/linitiative.ca\/International\/journee-mondiale-du-sport-sous-le-signe-de-la-vigilance\/","title":{"rendered":"Journ\u00e9e mondiale du sport :  sous le signe de la \u00ab vigilance \u00bb"},"content":{"rendered":"<p><strong>Le Maroc, \u00e0 l\u2019instar de tous les pays du globe, c\u00e9l\u00e8bre ce mardi la Journ\u00e9e mondiale du sport, une occasion de reconna\u00eetre le r\u00f4le que jouent le sport et l\u2019activit\u00e9 physique au sein des communaut\u00e9s et dans la vie des gens \u00e0 travers le monde.<\/strong><\/p>\n<div class=\"c10\">\n<\/div>\n<p>Plac\u00e9e sous le th\u00e8me de la \u00ab vigilance \u00bb, cette journ\u00e9e vise \u00e0 renforcer le r\u00f4le du sport dans la diffusion des nobles valeurs humaines et la promotion de la paix et du d\u00e9veloppement dans les quatre coins du monde, a fortiori dans les r\u00e9gions les plus touch\u00e9es par les conflits, les guerres et les \u00e9pid\u00e9mies.<\/p>\n<p>Cette \u00ab vigilance \u00bb se manifeste dans les innombrables initiatives lanc\u00e9es dans les milieux sportifs au Maroc et dans le monde. Gr\u00e2ce \u00e0 son fort impact, le sport a progressivement \u00e9t\u00e9 reconnu et utilis\u00e9 comme un outil de l\u2019aide humanitaire, du d\u00e9veloppement et de la consolidation de la paix dans toutes les r\u00e9gions du monde, notamment les plus recul\u00e9es, soit un investissement important dans le pr\u00e9sent et l\u2019avenir \u00e0 travers des projets court-termistes comme les aides humanitaires et des projets \u00e0 long terme visant la r\u00e9int\u00e9gration des enfants et des jeunes touch\u00e9s par la d\u00e9linquance et la violence.<\/p>\n<p><strong>Lire aussi| <a href=\"https:\/\/www.challenge.ma\/mostafa-terrab-reconnu-et-honore-pour-ses-competences-180442\/'\">Mostafa Terrab reconnu et honor\u00e9 pour ses comp\u00e9tences<\/a><\/strong><\/p>\n<p>Pour les soci\u00e9t\u00e9s modernes, le sport n\u2019est plus consid\u00e9r\u00e9 comme un luxe mais une n\u00e9cessit\u00e9 fondamentale qui concerne \u00e0 la fois la sant\u00e9, l\u2019\u00e9ducation, la coh\u00e9sion sociale, l\u2019\u00e9conomie, la diplomatie et le dialogue interculturel. Ainsi, le 6 avril a \u00e9t\u00e9 proclam\u00e9 \u00ab Journ\u00e9e mondiale du sport \u00bb, sur proposition du Royaume du Maroc, qui confirme son r\u00f4le pionnier et son engagement en faveur de la promotion de la paix, de l\u2019humanisme et du d\u00e9veloppement durable au niveau mondial.<\/p>\n<p>Le 22 mai 2011, lors du 2\u00e8me Forum international tenu au Palais des Nations \u00e0 Gen\u00e8ve entre l\u2019ex-pr\u00e9sidents du Comit\u00e9 international olympique (CIO), Jacques Rogge et l\u2019ex-Secr\u00e9taire g\u00e9n\u00e9ral de l\u2019Organisation des Nations Unies, Ban Ki-Moon, le repr\u00e9sentant du Comit\u00e9 national olympique marocain (CNOM), Kamal Lahlou, a propos\u00e9 \u00e0 l\u2019assistance la c\u00e9l\u00e9bration d\u2019une journ\u00e9e internationale du sport pour sensibiliser les gouvernements set les responsables politiques \u00e0 travers le monde que le sport est devenu un droit \u00e0 l\u2019instar de l\u2019\u00e9ducation, de la sant\u00e9, etc.<\/p>\n<p><strong>Lire aussi| <a href=\"https:\/\/www.challenge.ma\/le-senegal-ouvre-un-consulat-general-a-dakhla-180555\/\">Le S\u00e9n\u00e9gal ouvre un consulat g\u00e9n\u00e9ral \u00e0 Dakhla<\/a><\/strong><\/p>\n<p>Cette proposition a \u00e9t\u00e9 tr\u00e8s bien accueillie et deux ans plus tard, plus pr\u00e9cis\u00e9ment le 23 ao\u00fbt 2013, l\u2019Assembl\u00e9e g\u00e9n\u00e9rale des Nations Unies a proclam\u00e9 le 6 avril Journ\u00e9e mondiale du sport au service du d\u00e9veloppement et de la paix, \u00e9tablissant ainsi un lien historique avec la date d\u2019ouverture des premiers Jeux Olympiques en 1896. La proclamation de cette journ\u00e9e vise \u00e0 c\u00e9l\u00e9brer la contribution du sport et de l\u2019activit\u00e9 physique \u00e0 l\u2019\u00e9ducation, au d\u00e9veloppement humain, \u00e0 l\u2019adoption de modes de vie sains et \u00e0 l\u2019\u00e9dification d\u2019un monde pacifique.<\/p>\n<p>Dans ce sens, le vice-pr\u00e9sident du CNOM, membre de la Commission Marketing du CIO et membre du comit\u00e9 ex\u00e9cutif de l\u2019Association des Comit\u00e9s Nationaux Olympiques d\u2019Afrique, Kamal Lahlou, a indiqu\u00e9 dans une d\u00e9claration \u00e0 la MAP, que \u00ab le plus important ce n\u2019est pas d\u2019\u00eatre l\u2019initiateur de cette journ\u00e9e, uniquement, mais de l\u2019utiliser pour des politiques publiques assurant le droit de tous \u00e0 la pratique du sport\u00bb. \u00ab Les valeurs de l\u2019olympisme sont d\u2019une actualit\u00e9 br\u00fblante \u00bb, a estim\u00e9 le vice-pr\u00e9sident du CNOM, pr\u00e9cisant que, comme le reste des activit\u00e9s humaines, l\u2019olympisme va conna\u00eetre un changement. \u00ab D\u2019ailleurs, Thomas Bach, qui vient d\u2019\u00eatre r\u00e9\u00e9lu pour un dernier mandat \u00e0 la t\u00eate du CIO, a commenc\u00e9 \u00e0 revoir les fondamentaux de l\u2019olympisme et d\u00e9montre aujourd\u2019hui qu\u2019il est l\u2019homme capable de reconfigurer l\u2019id\u00e9al olympique auquel nous tenons tous \u00bb, a-t-il conclu.<\/p>\n<p>MAP<\/p>\n<p>Auteur: challenge<br \/>\n<a href=\"https:\/\/www.challenge.ma\/journee-mondiale-du-sport-sous-le-signe-de-la-vigilance-180569\/\">Cliquez ici pour lire l&rsquo;article depuis sa source.<\/a><\/p>\n","protected":false},"excerpt":{"rendered":"<p>Le Maroc, \u00e0 l\u2019instar de tous les pays du globe, c\u00e9l\u00e8bre ce mardi la Journ\u00e9e mondiale du sport, une occasion de reconna\u00eetre le r\u00f4le que jouent le sport et l\u2019activit\u00e9 physique au sein des communaut\u00e9s et dans la vie des gens \u00e0 travers le monde. Plac\u00e9e sous le th\u00e8me de la \u00ab vigilance \u00bb, cette [&hellip;]<\/p>\n","protected":false},"author":1787,"featured_media":0,"comment_status":"closed","ping_status":"closed","sticky":false,"template":"","format":"standard","meta":{"fifu_image_url":"","fifu_image_alt":"","footnotes":""},"categories":[78,54],"tags":[],"class_list":["post-114380","post","type-post","status-publish","format-standard","hentry","category-economie","category-maroc"],"_links":{"self":[{"href":"https:\/\/linitiative.ca\/International\/wp-json\/wp\/v2\/posts\/114380","targetHints":{"allow":["GET"]}}],"collection":[{"href":"https:\/\/linitiative.ca\/International\/wp-json\/wp\/v2\/posts"}],"about":[{"href":"https:\/\/linitiative.ca\/International\/wp-json\/wp\/v2\/types\/post"}],"author":[{"embeddable":true,"href":"https:\/\/linitiative.ca\/International\/wp-json\/wp\/v2\/users\/1787"}],"replies":[{"embeddable":true,"href":"https:\/\/linitiative.ca\/International\/wp-json\/wp\/v2\/comments?post=114380"}],"version-history":[{"count":0,"href":"https:\/\/linitiative.ca\/International\/wp-json\/wp\/v2\/posts\/114380\/revisions"}],"wp:attachment":[{"href":"https:\/\/linitiative.ca\/International\/wp-json\/wp\/v2\/media?parent=114380"}],"wp:term":[{"taxonomy":"category","embeddable":true,"href":"https:\/\/linitiative.ca\/International\/wp-json\/wp\/v2\/categories?post=114380"},{"taxonomy":"post_tag","embeddable":true,"href":"https:\/\/linitiative.ca\/International\/wp-json\/wp\/v2\/tags?post=114380"}],"curies":[{"name":"wp","href":"https:\/\/api.w.org\/{rel}","templated":true}]}}