{"id":114381,"date":"2021-04-05T12:17:25","date_gmt":"2021-04-05T16:17:25","guid":{"rendered":"https:\/\/linitiative.ca\/International\/jordanie-au-dela-des-effets-mediatiques\/"},"modified":"2021-04-05T12:17:25","modified_gmt":"2021-04-05T16:17:25","slug":"jordanie-au-dela-des-effets-mediatiques","status":"publish","type":"post","link":"https:\/\/linitiative.ca\/International\/jordanie-au-dela-des-effets-mediatiques\/","title":{"rendered":"Jordanie :  au-del\u00e0 des effets m\u00e9diatiques"},"content":{"rendered":"<p><strong>L\u2019atteinte \u00e0 la s\u00e9curit\u00e9 du Royaume de Jordanie doit \u00eatre vue dans les limites de ce que c\u2019est. Ce n\u2019est pas une tentative de coup d\u2019Etat, puisque l\u2019arm\u00e9e n\u2019est pas impliqu\u00e9e. Ce n\u2019est pas non plus une r\u00e9volte populaire, qui aurait le soutien d\u2019un prince. C\u2019est juste un d\u00e9chirement au sein de la famille royale et de ses affid\u00e9s.<\/strong><\/p>\n<div class=\"c10\">\n<\/div>\n<p>C\u2019est un probl\u00e8me historique. Le Roi Hussein s\u2019est lev\u00e9 de son lit de mort pour destituer son fr\u00e8re Al Hassan, en tant que prince h\u00e9ritier et installer son fils l\u2019actuel Roi. Parce que les Am\u00e9ricains consid\u00e9raient le prince Al Hassan, trop proche de feu Saddam Hussein. L\u2019actuel Roi a saut\u00e9 son fr\u00e8re Hamza, pour d\u00e9signer son fils prince h\u00e9ritier. Le passage de la fraterie \u00e0 la primog\u00e9niture est tr\u00e8s compliqu\u00e9, dans des soci\u00e9t\u00e9s claniques. La Jordanie a toujours un conseil des notables\u2026 pour repr\u00e9senter les tribus au-del\u00e0 des \u00e9lections et en dehors d\u2019elles.<\/p>\n<p><strong>Lire aussi| <a href=\"https:\/\/www.challenge.ma\/journee-mondiale-du-sport-sous-le-signe-de-la-vigilance-180569\/\">Journ\u00e9e mondiale du sport : sous le signe de la \u00ab vigilance \u00bb<\/a><\/strong><\/p>\n<p>Tous les dirigeants arabes, y compris ceux du \u00ab\u00a0Hamas\u00a0\u00bb ont soutenu le Roi de Jordanie. Ce pays est au milieu d\u2019un tumulte qui emporte la r\u00e9gion. Sa politique des \u00e9quilibres a fonctionn\u00e9, jusqu\u2019ici, de mani\u00e8re notable. Les pays frontaliers sont \u00e0 feu et \u00e0 sang, aux r\u00e9fugi\u00e9s Palestiniens se sont ajout\u00e9s les Syriens, le Liban est au bord du chaos. Et pourtant, ce pays sans grandes ressources tient ce r\u00f4le explique les soutiens, alors qu\u2019il s\u2019agit de convulsions internes au palais. Si ce pays tombe, c\u2019est la r\u00e9gion qui s\u2019enflamme, et pas pour le meilleur, les \u00e9tats faillis ne produisant aucune alternative en l\u2019absence de vraies alternatives d\u00e9mocratiques.<\/p>\n<p><strong>Lire aussi| <a href=\"https:\/\/www.challenge.ma\/le-secteur-de-lassurance-sen-sort-avec-une-croissance-de-19-180533\/\">Le secteur de l\u2019assurance s\u2019en sort avec une croissance de 1,9%<\/a><\/strong><\/p>\n<p>Ces soubresauts de palais, mettent en lumi\u00e8re la fragilit\u00e9 d\u2019une r\u00e9gion, r\u00e9tive \u00e0 la modernit\u00e9, \u00e0 la d\u00e9mocratie, \u00e0 l\u2019\u00e9mergence de l\u2019individu. \u00ab\u00a0Ceux d\u2019en haut ne peuvent plus vivre comme avant, ceux d\u2019en bas ne veulent plus vivre comme avant\u00a0\u00bb. Mais les \u00e9lites n\u2019ont pas de projet. L\u2019instabilit\u00e9 est le futur assur\u00e9 de ces peuples.<\/p>\n<div class=\"vw-sticky-sidebar-wrapper vw-sticky-sidebar widget_text awac-wrapper widget_text awac widget custom_html-4 textwidget custom-html-widget\">\n<p class=\"has-background c12\"><span class=\"widget-title c11\">Tribune et D\u00e9bats<\/span><\/p>\n<p>La tribune qui vous parle d\u2019une actu, d\u2019un sujet qui fait d\u00e9bat, les traite et les analyse. \u00c9conomistes et autres experts, patrons d\u2019entreprises, d\u00e9cideurs, acteurs de la soci\u00e9t\u00e9 civile, s\u2019y prononcent et contribuent \u00e0 sa grande richesse. Vous avez votre opinion, convergente ou diff\u00e9rente. Exprimez-la et mesurez-vous ainsi \u00e0 nos tribuns et d\u00e9batteurs.<\/p>\n<p>Envoyez vos analyses \u00e0 : <a href=\"\/cdn-cgi\/l\/email-protection#a2c1cdccd6c3c1d6e2c1cac3cecec7ccc5c78ccfc3\"><span class=\"__cf_email__\" data-cfemail=\"84e7ebeaf0e5e7f0c4e7ece5e8e8e1eae3e1aae9e5\">[email\u00a0protected]<\/span><\/a>, en pr\u00e9cisant votre nom, votre pr\u00e9nom et votre m\u00e9tier.<\/p>\n<\/div>\n<p>Auteur: Jamal Berraoui<br \/>\n<a href=\"https:\/\/www.challenge.ma\/jordanie-au-dela-des-effets-mediatiques-180581\/\">Cliquez ici pour lire l&rsquo;article depuis sa source.<\/a><\/p>\n","protected":false},"excerpt":{"rendered":"<p>L\u2019atteinte \u00e0 la s\u00e9curit\u00e9 du Royaume de Jordanie doit \u00eatre vue dans les limites de ce que c\u2019est. Ce n\u2019est pas une tentative de coup d\u2019Etat, puisque l\u2019arm\u00e9e n\u2019est pas impliqu\u00e9e. Ce n\u2019est pas non plus une r\u00e9volte populaire, qui aurait le soutien d\u2019un prince. C\u2019est juste un d\u00e9chirement au sein de la famille royale [&hellip;]<\/p>\n","protected":false},"author":1787,"featured_media":0,"comment_status":"closed","ping_status":"closed","sticky":false,"template":"","format":"standard","meta":{"fifu_image_url":"","fifu_image_alt":"","footnotes":""},"categories":[78,54],"tags":[],"class_list":["post-114381","post","type-post","status-publish","format-standard","hentry","category-economie","category-maroc"],"_links":{"self":[{"href":"https:\/\/linitiative.ca\/International\/wp-json\/wp\/v2\/posts\/114381","targetHints":{"allow":["GET"]}}],"collection":[{"href":"https:\/\/linitiative.ca\/International\/wp-json\/wp\/v2\/posts"}],"about":[{"href":"https:\/\/linitiative.ca\/International\/wp-json\/wp\/v2\/types\/post"}],"author":[{"embeddable":true,"href":"https:\/\/linitiative.ca\/International\/wp-json\/wp\/v2\/users\/1787"}],"replies":[{"embeddable":true,"href":"https:\/\/linitiative.ca\/International\/wp-json\/wp\/v2\/comments?post=114381"}],"version-history":[{"count":0,"href":"https:\/\/linitiative.ca\/International\/wp-json\/wp\/v2\/posts\/114381\/revisions"}],"wp:attachment":[{"href":"https:\/\/linitiative.ca\/International\/wp-json\/wp\/v2\/media?parent=114381"}],"wp:term":[{"taxonomy":"category","embeddable":true,"href":"https:\/\/linitiative.ca\/International\/wp-json\/wp\/v2\/categories?post=114381"},{"taxonomy":"post_tag","embeddable":true,"href":"https:\/\/linitiative.ca\/International\/wp-json\/wp\/v2\/tags?post=114381"}],"curies":[{"name":"wp","href":"https:\/\/api.w.org\/{rel}","templated":true}]}}