{"id":114383,"date":"2021-04-05T13:42:43","date_gmt":"2021-04-05T17:42:43","guid":{"rendered":"https:\/\/linitiative.ca\/International\/nomination-mohamed-bennani-aux-commandes-de-la-marque-renault-au-maroc\/"},"modified":"2021-04-05T13:42:43","modified_gmt":"2021-04-05T17:42:43","slug":"nomination-mohamed-bennani-aux-commandes-de-la-marque-renault-au-maroc","status":"publish","type":"post","link":"https:\/\/linitiative.ca\/International\/nomination-mohamed-bennani-aux-commandes-de-la-marque-renault-au-maroc\/","title":{"rendered":"Nomination : Mohamed Bennani aux commandes de la marque Renault au Maroc"},"content":{"rendered":"<p><strong>Dans le cadre de sa nouvelle organisation par marque, le Groupe Renault annonce la nomination de Mohamed Bennani au poste de Directeur g\u00e9n\u00e9ral de la marque Renault au Maroc. Il est rattach\u00e9 hi\u00e9rarchiquement \u00e0 Guillaume Josselin, Directeur commercial de la marque Renault, Cluster Europe et Maghreb.<\/strong><\/p>\n<div class=\"c10\">\n<\/div>\n<p>Dans le d\u00e9tail, Mohamed Bennani a pour mission d\u2019impl\u00e9menter la nouvelle strat\u00e9gie \u00abRenaulution\u00bb de la marque Renault au Maroc ainsi que le d\u00e9veloppement de ses activit\u00e9s commerciales. Dipl\u00f4m\u00e9 de l\u2019\u00c9cole Nationale Sup\u00e9rieure de M\u00e9canique et des microtechniques de Besan\u00e7on et d\u2019une formation au management \u00e0 l\u2019INSEAD, Mohamed Bennani a int\u00e9gr\u00e9 le Groupe Renault en 1989. Gr\u00e2ce \u00e0 une v\u00e9ritable ma\u00eetrise du produit de l\u2019automobile et de sa formation en ing\u00e9nierie, son parcours a \u00e9t\u00e9 marqu\u00e9 par la prise de fonction de diff\u00e9rentes responsabilit\u00e9s et d\u2019une diversit\u00e9 des m\u00e9tiers au sein du Groupe.<\/p>\n<p><strong>Lire aussi |<\/strong> <a href=\"https:\/\/www.challenge.ma\/jordanie-au-dela-des-effets-mediatiques-180581\/\"><strong>Jordanie : au-del\u00e0 des effets m\u00e9diatiques<\/strong><\/a><\/p>\n<p>Aussi, il dispose d\u2019une grande exp\u00e9rience \u00e0 l\u2019international, notamment dans le commerce en France, en Italie, dans les pays du Golfe, au Maroc, en Afrique du Sud puis en tant que Directeur performances des ventes et r\u00e9seau de la r\u00e9gion AMI Pacifique \u00e0 Duba\u00ef. Rappelons que, toujours dans le cadre de sa nouvelle organisation par marques, le Groupe Renault rappelle la nomination de Fabrice Crevola au poste de Directeur g\u00e9n\u00e9ral de la marque Dacia au Maroc. Il est rattach\u00e9 hi\u00e9rarchiquement \u00e0 Xavier Martinet, Directeur Marketing, Ventes et Op\u00e9rations de la marque Dacia &amp; Lada. Par ailleurs, Fabrice Crevola conserve son poste de Directeur g\u00e9n\u00e9ral de Renault Commerce Maroc.<\/p>\n<p><strong>Lire aussi |<\/strong> <strong><a href=\"https:\/\/www.challenge.ma\/journee-mondiale-du-sport-sous-le-signe-de-la-vigilance-180569\/\">Journ\u00e9e mondiale du sport : sous le signe de la \u00ab vigilance \u00bb<\/a><\/strong><\/p>\n<p><strong>Bio express de Mohamed Bennani<\/strong><\/p>\n<p>1989 : Direction de l\u2019Ing\u00e9nierie Renault \u2013 France<\/p>\n<p>1994 : Direction des filiales commerciales europ\u00e9ennes \u2013 France<\/p>\n<p>1999 : Directeur Clients Renault Italie \u2013 Rome<\/p>\n<p>2004 : Directeur Clients et e-commerce Renault SAS \u2013 Paris<\/p>\n<p>2007 : Directeur G\u00e9n\u00e9ral des importateurs Renault Pays du Golf et Iraq \u2013 Duba\u00ef<\/p>\n<p>2011 : Directeur des ventes et r\u00e9seau, Renault Commerce Maroc \u2013 Casablanca<\/p>\n<p>2018 : Directeur des ventes et r\u00e9seau Renault Afrique du Sud \u2013 Johannesburg<\/p>\n<p>2019 : Directeur performances des ventes et r\u00e9seau de la r\u00e9gion Afrique Middle-East Pacifique \u2013 Duba\u00ef<\/p>\n<p>Auteur: challenge<br \/>\n<a href=\"https:\/\/www.challenge.ma\/nomination-mohamed-bennani-aux-commandes-de-la-marque-renault-au-maroc-180605\/\">Cliquez ici pour lire l&rsquo;article depuis sa source.<\/a><\/p>\n","protected":false},"excerpt":{"rendered":"<p>Dans le cadre de sa nouvelle organisation par marque, le Groupe Renault annonce la nomination de Mohamed Bennani au poste de Directeur g\u00e9n\u00e9ral de la marque Renault au Maroc. Il est rattach\u00e9 hi\u00e9rarchiquement \u00e0 Guillaume Josselin, Directeur commercial de la marque Renault, Cluster Europe et Maghreb. Dans le d\u00e9tail, Mohamed Bennani a pour mission d\u2019impl\u00e9menter [&hellip;]<\/p>\n","protected":false},"author":1787,"featured_media":0,"comment_status":"closed","ping_status":"closed","sticky":false,"template":"","format":"standard","meta":{"fifu_image_url":"","fifu_image_alt":"","footnotes":""},"categories":[78,54],"tags":[],"class_list":["post-114383","post","type-post","status-publish","format-standard","hentry","category-economie","category-maroc"],"_links":{"self":[{"href":"https:\/\/linitiative.ca\/International\/wp-json\/wp\/v2\/posts\/114383","targetHints":{"allow":["GET"]}}],"collection":[{"href":"https:\/\/linitiative.ca\/International\/wp-json\/wp\/v2\/posts"}],"about":[{"href":"https:\/\/linitiative.ca\/International\/wp-json\/wp\/v2\/types\/post"}],"author":[{"embeddable":true,"href":"https:\/\/linitiative.ca\/International\/wp-json\/wp\/v2\/users\/1787"}],"replies":[{"embeddable":true,"href":"https:\/\/linitiative.ca\/International\/wp-json\/wp\/v2\/comments?post=114383"}],"version-history":[{"count":0,"href":"https:\/\/linitiative.ca\/International\/wp-json\/wp\/v2\/posts\/114383\/revisions"}],"wp:attachment":[{"href":"https:\/\/linitiative.ca\/International\/wp-json\/wp\/v2\/media?parent=114383"}],"wp:term":[{"taxonomy":"category","embeddable":true,"href":"https:\/\/linitiative.ca\/International\/wp-json\/wp\/v2\/categories?post=114383"},{"taxonomy":"post_tag","embeddable":true,"href":"https:\/\/linitiative.ca\/International\/wp-json\/wp\/v2\/tags?post=114383"}],"curies":[{"name":"wp","href":"https:\/\/api.w.org\/{rel}","templated":true}]}}